{"id":170052,"date":"2025-06-12T05:42:13","date_gmt":"2025-06-12T05:42:13","guid":{"rendered":"https:\/\/www.europesays.com\/fr\/170052\/"},"modified":"2025-06-12T05:42:13","modified_gmt":"2025-06-12T05:42:13","slug":"des-dirigeants-deurope-du-sud-est-condamnent-linvasion-russe","status":"publish","type":"post","link":"https:\/\/www.europesays.com\/fr\/170052\/","title":{"rendered":"Des dirigeants d\u2019Europe du Sud-Est condamnent l\u2019invasion russe\u2026"},"content":{"rendered":"<p>Le pr\u00e9sident serbe joue \u00e0 l\u2019\u00e9quilibriste entre Kiev et Moscou<\/p>\n<p>Publi\u00e9e par la pr\u00e9sidence ukrainienne, la d\u00e9claration commune n\u2019a cependant pas \u00e9t\u00e9 sign\u00e9e par le pr\u00e9sident serbe Aleksandar Vucic, son nom n\u2019y figurant pas. Son pays maintient de bonnes relations avec Moscou.<\/p>\n<p>Elle a par contre \u00e9t\u00e9 sign\u00e9e par le chef de l\u2019Etat roumain, ainsi que par la pr\u00e9sidente moldave Maia Sandu, les Premiers ministres bulgare, croate et grec et des repr\u00e9sentants d\u2019autres pays des Balkans.<\/p>\n<p>Depuis Odessa, des dirigeants d\u2019Europe du Sud-Est condamnent l\u2019invasion russe<\/p>\n<p>Plusieurs dirigeants d\u2019Europe du Sud-Est ont condamn\u00e9 mercredi \u00ab\u00a0la guerre d\u2019agression brutale men\u00e9e par la Russie contre l\u2019Ukraine\u00a0\u00bb, \u00e0 l\u2019issue d\u2019un sommet r\u00e9gional \u00e0 Odessa, grand port ukrainien de la mer Noire cibl\u00e9 \u00e0 de nombreuses reprises par Moscou.<\/p>\n<p>Les signataires de la d\u00e9claration commune r\u00e9it\u00e8rent leur \u00ab\u00a0engagement \u00e0 fournir un soutien global et durable \u00e0 l\u2019Ukraine et \u00e0 son peuple aussi longtemps que n\u00e9cessaire\u00a0\u00bb et appellent \u00ab\u00a0toutes les nations \u00e0 s\u2019abstenir d\u2019offrir toute forme d\u2019aide mat\u00e9rielle ou autre \u00e0 l\u2019effort de guerre de la Russie\u00a0\u00bb. Le texte cite aussi le \u00ab\u00a0retrait complet des forces et des \u00e9quipements russes de l\u2019ensemble du territoire ukrainien\u00a0\u00bb comme \u00ab\u00a0conditions essentielles et non n\u00e9gociables pour une paix\u00a0\u00bb. Et les pays signataires soutiennent \u00ab\u00a0l\u2019Ukraine sur la voie irr\u00e9versible de son int\u00e9gration euroatlantique compl\u00e8te, y compris son adh\u00e9sion \u00e0 l\u2019Otan\u00a0\u00bb et appellent \u00e0 renforcer les sanctions contre Moscou.<\/p>\n<p>Bienvenue dans ce nouveau Live<\/p>\n<p>Bonjour \u00e0 toutes et \u00e0 tous. Comme chaque jour, la r\u00e9daction de 20 Minutes est mobilis\u00e9e pour vous donner l\u2019ensemble des informations sur le conflit entre la Russie et l\u2019Ukraine.<\/p>\n<p>La guerre ne marque pas de pauses tant les demandes des deux pays semblent irr\u00e9conciliables, malgr\u00e9 l\u2019implication des Etats-Unis pour trouver un chemin vers la paix. La Russie exige que l\u2019Ukraine lui c\u00e8de les r\u00e9gions dont elle revendique l\u2019annexion, renonce \u00e0 rejoindre l\u2019Otan et aux livraisons d\u2019armes occidentales. Des conditions jug\u00e9es inacceptables par Kiev.<\/p>\n","protected":false},"excerpt":{"rendered":"Le pr\u00e9sident serbe joue \u00e0 l\u2019\u00e9quilibriste entre Kiev et Moscou Publi\u00e9e par la pr\u00e9sidence ukrainienne, la d\u00e9claration commune&hellip;\n","protected":false},"author":2,"featured_media":170053,"comment_status":"","ping_status":"","sticky":false,"template":"","format":"standard","meta":{"footnotes":""},"categories":[1591],"tags":[47,11,75,73,1887,131,74,12,1885,1886,132,133,135,134],"class_list":{"0":"post-170052","1":"post","2":"type-post","3":"status-publish","4":"format-standard","5":"has-post-thumbnail","7":"category-russie","8":"tag-actualite","9":"tag-actualites","10":"tag-donald-trump","11":"tag-etats-unis","12":"tag-federation-de-russie","13":"tag-guerre-en-ukraine","14":"tag-monde","15":"tag-news","16":"tag-russia","17":"tag-russian-federation","18":"tag-russie","19":"tag-video","20":"tag-vladimir-poutine","21":"tag-volodymyr-zelensky"},"share_on_mastodon":{"url":"https:\/\/pubeurope.com\/@fr\/114668800820753147","error":""},"_links":{"self":[{"href":"https:\/\/www.europesays.com\/fr\/wp-json\/wp\/v2\/posts\/170052","targetHints":{"allow":["GET"]}}],"collection":[{"href":"https:\/\/www.europesays.com\/fr\/wp-json\/wp\/v2\/posts"}],"about":[{"href":"https:\/\/www.europesays.com\/fr\/wp-json\/wp\/v2\/types\/post"}],"author":[{"embeddable":true,"href":"https:\/\/www.europesays.com\/fr\/wp-json\/wp\/v2\/users\/2"}],"replies":[{"embeddable":true,"href":"https:\/\/www.europesays.com\/fr\/wp-json\/wp\/v2\/comments?post=170052"}],"version-history":[{"count":0,"href":"https:\/\/www.europesays.com\/fr\/wp-json\/wp\/v2\/posts\/170052\/revisions"}],"wp:featuredmedia":[{"embeddable":true,"href":"https:\/\/www.europesays.com\/fr\/wp-json\/wp\/v2\/media\/170053"}],"wp:attachment":[{"href":"https:\/\/www.europesays.com\/fr\/wp-json\/wp\/v2\/media?parent=170052"}],"wp:term":[{"taxonomy":"category","embeddable":true,"href":"https:\/\/www.europesays.com\/fr\/wp-json\/wp\/v2\/categories?post=170052"},{"taxonomy":"post_tag","embeddable":true,"href":"https:\/\/www.europesays.com\/fr\/wp-json\/wp\/v2\/tags?post=170052"}],"curies":[{"name":"wp","href":"https:\/\/api.w.org\/{rel}","templated":true}]}}