{"id":170055,"date":"2025-06-12T05:44:11","date_gmt":"2025-06-12T05:44:11","guid":{"rendered":"https:\/\/www.europesays.com\/fr\/170055\/"},"modified":"2025-06-12T05:44:11","modified_gmt":"2025-06-12T05:44:11","slug":"etats-unis-2%e1%b5%89-nuit-sous-couvre-feu-a-los-angeles-plus-de-1-000-manifestants-dans-les-rues","status":"publish","type":"post","link":"https:\/\/www.europesays.com\/fr\/170055\/","title":{"rendered":"\u00c9tats-Unis : 2\u1d49 nuit sous couvre-feu \u00e0 Los Angeles, plus de 1.000 manifestants dans les rues"},"content":{"rendered":"<ul class=\"jsx-862013697 ArticleChapo__List\">\n<li class=\"jsx-862013697 ArticleChapo__List_Item flex\">Une 2\u1d49 nuit de couvre-feu a \u00e9t\u00e9 d\u00e9cr\u00e9t\u00e9e \u00e0 Los Angeles pour pr\u00e9venir les actes de vandalisme.<\/li>\n<li class=\"jsx-862013697 ArticleChapo__List_Item flex\">Dans le reste du pays, les manifestations s&rsquo;\u00e9tendent contre la politique migratoire de Donald Trump.<\/li>\n<\/ul>\n<p data-module=\"article-paragraph\" class=\"jsx-3046738180 Paragraph Paragraph__End\">Los Angeles passe sa deuxi\u00e8me nuit sous couvre-feu. Plus de 1.000 personnes ont encore protest\u00e9 pacifiquement mercredi 11 juin dans les rues de la deuxi\u00e8me plus grande ville des \u00c9tats-Unis, avant une nouvelle nuit de <a href=\"https:\/\/www.tf1info.fr\/international\/etats-unis-face-aux-violences-los-angeles-decrete-un-couvre-feu-pour-le-centre-ville-2376279.html\" target=\"_blank\" rel=\"noopener\">couvre-feu dans le centre-ville<\/a> impos\u00e9 par la mairie pour pr\u00e9venir les pillages et les actes de vandalisme.<\/p>\n<p>Une 2\u1d49 ville sous couvre-feu<\/p>\n<p data-module=\"article-paragraph\" class=\"jsx-3046738180 Paragraph Paragraph__End\">Depuis vendredi dernier, Los Angeles <a href=\"https:\/\/www.tf1info.fr\/international\/video-lci-le-mouvement-continue-de-s-etendre-nouvelle-nuit-d-affrontements-a-los-angeles-2376079.html\" target=\"_blank\" rel=\"noopener\">est le th\u00e9\u00e2tre de manifestations<\/a> contre les interpellations massives d&rsquo;\u00e9trangers en situation irr\u00e9guli\u00e8re. Ces protestations sont g\u00e9n\u00e9ralement pacifiques, mais parfois ponctu\u00e9es de jets de pierre contre la police, d&rsquo;incendies de v\u00e9hicules et d&rsquo;autres violences. \u00ab\u00a0Le couvre-feu reste en vigueur ce soir (&#8230;) afin d&rsquo;arr\u00eater les mauvais acteurs qui profitent de l&rsquo;escalade chaotique du pr\u00e9sident\u00a0\u00bb, a \u00e9crit sur X la maire d\u00e9mocrate Karen Bass.<\/p>\n<p data-module=\"article-paragraph\" class=\"jsx-3046738180 Paragraph Paragraph__End\">L&rsquo;affrontement est aussi politique : <a href=\"https:\/\/www.tf1info.fr\/international\/manifestations-a-los-angeles-gavin-newsom-le-gouverneur-de-californie-qui-tient-tete-a-donald-trump-2344788.html\" target=\"_blank\" rel=\"noopener\">le gouverneur de Californie Gavin Newsom<\/a> accuse le gouvernement f\u00e9d\u00e9ral d&rsquo;outrepasser ses pouvoirs et a demand\u00e9 \u00e0 la justice de suspendre la r\u00e9quisition de la Garde nationale. Une audience est pr\u00e9vue ce jeudi 12 juin \u00e0 ce sujet devant un tribunal f\u00e9d\u00e9ral. Sur les 4.700 soldats d\u00e9ploy\u00e9s sur le terrain, un millier de membres de la Garde nationale prot\u00e8gent des b\u00e2timents et appuient la police f\u00e9d\u00e9rale de l&rsquo;immigration, a d\u00e9clar\u00e9 le g\u00e9n\u00e9ral Scott Sherman, qui commande les op\u00e9rations. Les autres, <a href=\"https:\/\/www.tf1info.fr\/international\/etats-unis-trump-deploie-700-marines-a-los-angeles-le-gouverneur-fustige-un-president-dictatorial-2376015.html\" target=\"_blank\" rel=\"noopener\">y compris les 700 Marines<\/a>, sont en cours de d\u00e9ploiement ou s&rsquo;entra\u00eenent au maintien de l&rsquo;ordre.<\/p>\n<p><a href=\"https:\/\/www.tf1info.fr\/international\/du-pain-beni-pour-l-administration-trump-les-heurts-a-los-angeles-vont-ils-gagner-d-autres-villes-americaines-2376362.html\" rel=\"noopener\" class=\"jsx-3308031228 Link flex\" target=\"_blank\"><img decoding=\"async\" src=\"https:\/\/www.europesays.com\/fr\/wp-content\/uploads\/2025\/06\/heurts-los-angeles-e4a276-0@1x.jpeg\" alt=\"AFP\" loading=\"lazy\" importance=\"low\" fetchpriority=\"low\" class=\"\"\/><\/p>\n<p class=\"jsx-3657663356 ReadMoreArticle__Title\">Lire aussi<\/p>\n<p class=\"jsx-3657663356\">\u00ab\u00a0Du pain b\u00e9nit pour Trump\u00a0\u00bb : les heurts \u00e0 Los Angeles vont-ils gagner le reste des \u00c9tats-Unis ?<\/p>\n<p><\/a><\/p>\n<p data-module=\"article-paragraph\" class=\"jsx-3046738180 Paragraph Paragraph__End\">Dans le reste du pays, les manifestations se multiplient contre la politique migratoire muscl\u00e9e de Donald Trump, malgr\u00e9 le d\u00e9ploiement de militaires \u00e0 Los Angeles et la promesse du pr\u00e9sident de ne jamais laisser \u00ab\u00a0la loi de la rue r\u00e9gner en Am\u00e9rique\u00a0\u00bb. La ville de Spokane, dans l&rsquo;\u00c9tat de Washington, a d\u00e9cr\u00e9t\u00e9 \u00e0 son tour un couvre-feu dans la nuit de mercredi \u00e0 jeudi apr\u00e8s une manifestation.<\/p>\n<p>I.N avec AFP<\/p>\n","protected":false},"excerpt":{"rendered":"Une 2\u1d49 nuit de couvre-feu a \u00e9t\u00e9 d\u00e9cr\u00e9t\u00e9e \u00e0 Los Angeles pour pr\u00e9venir les actes de vandalisme. Dans&hellip;\n","protected":false},"author":2,"featured_media":170056,"comment_status":"","ping_status":"","sticky":false,"template":"","format":"standard","meta":{"footnotes":""},"categories":[1589],"tags":[1111,11,1921,13795,75,73,1866,30450,1922,2497,2088,12,1864,1865,1863,308,133,1920],"class_list":{"0":"post-170055","1":"post","2":"type-post","3":"status-publish","4":"format-standard","5":"has-post-thumbnail","7":"category-etats-unis","8":"tag-actu","9":"tag-actualites","10":"tag-article-video","11":"tag-couvre-feu","12":"tag-donald-trump","13":"tag-etats-unis","14":"tag-etats-unis-damerique","15":"tag-heurts-a-los-angeles-entre-forces-de-lordre-et-manifestants","16":"tag-info","17":"tag-le-second-mandat-de-donald-trump","18":"tag-manifestation","19":"tag-news","20":"tag-united-states","21":"tag-united-states-of-america","22":"tag-us","23":"tag-usa","24":"tag-video","25":"tag-video-international"},"share_on_mastodon":{"url":"https:\/\/pubeurope.com\/@fr\/114668808800212757","error":""},"_links":{"self":[{"href":"https:\/\/www.europesays.com\/fr\/wp-json\/wp\/v2\/posts\/170055","targetHints":{"allow":["GET"]}}],"collection":[{"href":"https:\/\/www.europesays.com\/fr\/wp-json\/wp\/v2\/posts"}],"about":[{"href":"https:\/\/www.europesays.com\/fr\/wp-json\/wp\/v2\/types\/post"}],"author":[{"embeddable":true,"href":"https:\/\/www.europesays.com\/fr\/wp-json\/wp\/v2\/users\/2"}],"replies":[{"embeddable":true,"href":"https:\/\/www.europesays.com\/fr\/wp-json\/wp\/v2\/comments?post=170055"}],"version-history":[{"count":0,"href":"https:\/\/www.europesays.com\/fr\/wp-json\/wp\/v2\/posts\/170055\/revisions"}],"wp:featuredmedia":[{"embeddable":true,"href":"https:\/\/www.europesays.com\/fr\/wp-json\/wp\/v2\/media\/170056"}],"wp:attachment":[{"href":"https:\/\/www.europesays.com\/fr\/wp-json\/wp\/v2\/media?parent=170055"}],"wp:term":[{"taxonomy":"category","embeddable":true,"href":"https:\/\/www.europesays.com\/fr\/wp-json\/wp\/v2\/categories?post=170055"},{"taxonomy":"post_tag","embeddable":true,"href":"https:\/\/www.europesays.com\/fr\/wp-json\/wp\/v2\/tags?post=170055"}],"curies":[{"name":"wp","href":"https:\/\/api.w.org\/{rel}","templated":true}]}}