{"id":170070,"date":"2025-06-12T05:54:11","date_gmt":"2025-06-12T05:54:11","guid":{"rendered":"https:\/\/www.europesays.com\/fr\/170070\/"},"modified":"2025-06-12T05:54:11","modified_gmt":"2025-06-12T05:54:11","slug":"euro-le-championnat-deurope-u19-2026-aura-lieu-en-france-rugby-a-xiii","status":"publish","type":"post","link":"https:\/\/www.europesays.com\/fr\/170070\/","title":{"rendered":"Euro &#8211; Le Championnat d&rsquo;Europe U19 2026 aura lieu en France &#8211; Rugby \u00e0 XIII"},"content":{"rendered":"<p style=\"text-align: justify;\"><strong>L\u2019European Rugby League a annonc\u00e9 que le championnat d\u2019Europe U19 de 2026 aura lieu en France, et plus pr\u00e9cis\u00e9ment \u00e0 Font-Romeu.<\/strong><\/p>\n<p style=\"text-align: justify;\">C\u2019est la premi\u00e8re fois que la France accueillera cette comp\u00e9tition. Le Centre de Ressources, d\u2019Expertise et de Performance Sportive (CREPS) de Font-Romeu (Pyr\u00e9n\u00e9es-Orientales) est un des centres sportifs de hautes altitudes les plus r\u00e9put\u00e9s et les plus utilis\u00e9s par de nombreux athl\u00e8tes olympiques.<\/p>\n<p style=\"text-align: justify;\">Apr\u00e8s la Serbie et l\u2019Italie, c\u2019est maintenant \u00e0 la France de prouver qu\u2019elle peut organiser avec succ\u00e8s une comp\u00e9tition de type internationale. Et apr\u00e8s avoir perdu en finale face \u00e0 l\u2019Angleterre en 2023, le pays h\u00f4te aura un esprit revanchard afin de r\u00e9cup\u00e9rer le titre sur ses terres.<\/p>\n<blockquote class=\"twitter-tweet\" data-width=\"500\" data-dnt=\"true\">\n<p lang=\"en\" dir=\"ltr\">\ud83c\uddea\ud83c\uddfa\ud83c\udfc6 2026 Under 19s Championship Hosts<\/p>\n<p>France will host the <a href=\"https:\/\/twitter.com\/EuroRugbyLeague?ref_src=twsrc%5Etfw\" rel=\"nofollow noopener\" target=\"_blank\">@EuroRugbyLeague<\/a> U19s Championship for the 1st time, with the 2026 tournament taking place the CREPS in Font Romeu in the Catalonian Pyrenees.<\/p>\n<p>\ud83d\udcf0<a href=\"https:\/\/t.co\/uW8Kb4byYX\" rel=\"nofollow\">https:\/\/t.co\/uW8Kb4byYX<\/a><a href=\"https:\/\/twitter.com\/hashtag\/EuroRugbyLeague?src=hash&amp;ref_src=twsrc%5Etfw\" rel=\"nofollow noopener\" target=\"_blank\">#EuroRugbyLeague<\/a><a href=\"https:\/\/twitter.com\/FFRXIII?ref_src=twsrc%5Etfw\" rel=\"nofollow noopener\" target=\"_blank\">@FFRXIII<\/a> <a href=\"https:\/\/twitter.com\/catalanmedia?ref_src=twsrc%5Etfw\" rel=\"nofollow noopener\" target=\"_blank\">@catalanmedia<\/a> <a href=\"https:\/\/twitter.com\/IntRL?ref_src=twsrc%5Etfw\" rel=\"nofollow noopener\" target=\"_blank\">@IntRL<\/a> <a href=\"https:\/\/t.co\/J7F4wnyWfU\" rel=\"nofollow\">pic.twitter.com\/J7F4wnyWfU<\/a><\/p>\n<p>\u2014 European Rugby League (@EuroRugbyLeague) <a href=\"https:\/\/twitter.com\/EuroRugbyLeague\/status\/1930882350537179341?ref_src=twsrc%5Etfw\" rel=\"nofollow noopener\" target=\"_blank\">June 6, 2025<\/a><\/p>\n<\/blockquote>\n<p>        <script async src=\"https:\/\/platform.twitter.com\/widgets.js\" charset=\"utf-8\"><\/script><\/p>\n","protected":false},"excerpt":{"rendered":"L\u2019European Rugby League a annonc\u00e9 que le championnat d\u2019Europe U19 de 2026 aura lieu en France, et plus&hellip;\n","protected":false},"author":2,"featured_media":170071,"comment_status":"","ping_status":"","sticky":false,"template":"","format":"standard","meta":{"footnotes":""},"categories":[1416],"tags":[30452,1011,27,30453,479,2228,1468,2229,60,3251],"class_list":{"0":"post-170070","1":"post","2":"type-post","3":"status-publish","4":"format-standard","5":"has-post-thumbnail","7":"category-rugby","8":"tag-european-rugby-league","9":"tag-fr","10":"tag-france","11":"tag-france-u19","12":"tag-rugby","13":"tag-rugby-a-xiii","14":"tag-rugby-football","15":"tag-rugby-league","16":"tag-sports","17":"tag-u19"},"share_on_mastodon":{"url":"https:\/\/pubeurope.com\/@fr\/114668848011421523","error":""},"_links":{"self":[{"href":"https:\/\/www.europesays.com\/fr\/wp-json\/wp\/v2\/posts\/170070","targetHints":{"allow":["GET"]}}],"collection":[{"href":"https:\/\/www.europesays.com\/fr\/wp-json\/wp\/v2\/posts"}],"about":[{"href":"https:\/\/www.europesays.com\/fr\/wp-json\/wp\/v2\/types\/post"}],"author":[{"embeddable":true,"href":"https:\/\/www.europesays.com\/fr\/wp-json\/wp\/v2\/users\/2"}],"replies":[{"embeddable":true,"href":"https:\/\/www.europesays.com\/fr\/wp-json\/wp\/v2\/comments?post=170070"}],"version-history":[{"count":0,"href":"https:\/\/www.europesays.com\/fr\/wp-json\/wp\/v2\/posts\/170070\/revisions"}],"wp:featuredmedia":[{"embeddable":true,"href":"https:\/\/www.europesays.com\/fr\/wp-json\/wp\/v2\/media\/170071"}],"wp:attachment":[{"href":"https:\/\/www.europesays.com\/fr\/wp-json\/wp\/v2\/media?parent=170070"}],"wp:term":[{"taxonomy":"category","embeddable":true,"href":"https:\/\/www.europesays.com\/fr\/wp-json\/wp\/v2\/categories?post=170070"},{"taxonomy":"post_tag","embeddable":true,"href":"https:\/\/www.europesays.com\/fr\/wp-json\/wp\/v2\/tags?post=170070"}],"curies":[{"name":"wp","href":"https:\/\/api.w.org\/{rel}","templated":true}]}}