{"id":170078,"date":"2025-06-12T05:59:17","date_gmt":"2025-06-12T05:59:17","guid":{"rendered":"https:\/\/www.europesays.com\/fr\/170078\/"},"modified":"2025-06-12T05:59:17","modified_gmt":"2025-06-12T05:59:17","slug":"cyclisme-criterium-du-dauphine-ivan-romeo-porter-le-maillot-jaune-jen-avais-reve","status":"publish","type":"post","link":"https:\/\/www.europesays.com\/fr\/170078\/","title":{"rendered":"Cyclisme. Crit\u00e9rium du Dauphin\u00e9 &#8211; Ivan Romeo : \u00abPorter le maillot jaune&#8230; j&rsquo;en avais r\u00eav\u00e9\u00bb"},"content":{"rendered":"<p>Ce mercredi se tenait la 4e \u00e9tape du <strong><a href=\"https:\/\/www.cyclismactu.net\/..\/news-cyclisme-criterium-du-dauphine-remco-evenepoel-chrono-de-4e-etape-pogacar-perd-gros-88305.html?utm_campaign=post-auto&amp;utm_medium=twitter&amp;utm_source=mashup-cyclismactu\" rel=\"nofollow noopener\" target=\"_blank\">Crit\u00e9rium du Dauphin\u00e9<\/a><\/strong> et le moins que l&rsquo;on puisse dire, c&rsquo;est que <strong>Remco Evenepoel<\/strong> (Soudal Quick-Step) a r\u00e9pondu pr\u00e9sent. Sur un parcours relativement court de 17,4 km, le Belge s&rsquo;est impos\u00e9 et a m\u00eame pu cr\u00e9er de sacr\u00e9s \u00e9carts, repoussant <strong>Jonas Vingegaard<\/strong> (Team Visma | Lease a Bike) \u00e0 21 secondes mais surtout <strong>Tadej Pogacar<\/strong> (UAE Team Emirates-XRG) \u00e0 pr\u00e8s de 50 secondes. <strong>Ivan Romeo<\/strong> (Movistar Team) \u00e9tait lui en t\u00eate du classement g\u00e9n\u00e9ral ce matin apr\u00e8s sa victoire de la veille, mais il n&rsquo;a pas pu conserver son maillot jaune apr\u00e8s ce contre-la-montre qu&rsquo;il a achev\u00e9 \u00e0 la 15e place, c\u00e9dant sa place de leader pour 9 secondes au profit du champion olympique belge. C&rsquo;est malgr\u00e9 tout une belle exp\u00e9rience pour le jeune Espagnol de 21 ans, qui reste tr\u00e8s bien plac\u00e9 au g\u00e9n\u00e9ral avant les derni\u00e8res \u00e9tapes.<\/p>\n<p>Vid\u00e9o &#8211; Remco Evenepoel a remport\u00e9 la 4e \u00e9tape du Dauphin\u00e9 Lire la suite de l&rsquo;article&#13;<\/p>\n<p>\u00a0<\/p>\n<p>&#13;<br \/>\n\u00ab\u00a0Ce n&rsquo;est pas le r\u00e9sultat que l&rsquo;on voulait\u00a0\u00bb&#13;<\/p>\n<p>Apr\u00e8s la course, <strong>Ivan Romeo<\/strong> est revenu sur sa course et le fait d&rsquo;avoir pu porter le maillot jaune : \u00ab\u00a0C&rsquo;\u00e9tait une bonne exp\u00e9rience, quelque chose dont j&rsquo;avais toujours r\u00eav\u00e9. J&rsquo;aurai aim\u00e9 gard\u00e9 ce maillot, mais j&rsquo;affronte les meilleurs du monde, donc je peux juste \u00eatre fier de ma performance. J&rsquo;ai tout donn\u00e9 encore aujourd&rsquo;hui, j&rsquo;ai fait un bon contre-la-montre pour mes standards habituels. Pour l&#8217;emporter, il aurait fallu que j&rsquo;aille vraiment beaucoup plus vite, mais on a du temps pour s&rsquo;am\u00e9liorer. Je ne suis \u00e9videmment pas content, je suis un comp\u00e9titeur et je ne suis jamais heureux quand je perds, mais je dois \u00eatre fier de ce que j&rsquo;ai fait hier et de ma performance aujourd&rsquo;hui. Ce n&rsquo;est pas le r\u00e9sultat que l&rsquo;on voulait, mais c&rsquo;est le sport\u00a0\u00bb, conclut-il.<\/p>\n<p>Criterium du Dauphine &#8211; Classement de la 4\u00e8 \u00e9tape Criterium du Dauphine &#8211; Classement g\u00e9n\u00e9ral provisoire apr\u00e8s la 4\u00e8 \u00e9tape<\/p>\n","protected":false},"excerpt":{"rendered":"Ce mercredi se tenait la 4e \u00e9tape du Crit\u00e9rium du Dauphin\u00e9 et le moins que l&rsquo;on puisse dire,&hellip;\n","protected":false},"author":2,"featured_media":170079,"comment_status":"","ping_status":"","sticky":false,"template":"","format":"standard","meta":{"footnotes":""},"categories":[1411],"tags":[24803,1154,207,211,1011,27,209,60,210,212,208,213],"class_list":{"0":"post-170078","1":"post","2":"type-post","3":"status-publish","4":"format-standard","5":"has-post-thumbnail","7":"category-cyclisme","8":"tag-criterium-du-dauphine","9":"tag-cycling","10":"tag-cyclisme","11":"tag-ffc","12":"tag-fr","13":"tag-france","14":"tag-route","15":"tag-sports","16":"tag-tour-de-france","17":"tag-uci","18":"tag-velo","19":"tag-world-tour"},"share_on_mastodon":{"url":"https:\/\/pubeurope.com\/@fr\/114668867678031759","error":""},"_links":{"self":[{"href":"https:\/\/www.europesays.com\/fr\/wp-json\/wp\/v2\/posts\/170078","targetHints":{"allow":["GET"]}}],"collection":[{"href":"https:\/\/www.europesays.com\/fr\/wp-json\/wp\/v2\/posts"}],"about":[{"href":"https:\/\/www.europesays.com\/fr\/wp-json\/wp\/v2\/types\/post"}],"author":[{"embeddable":true,"href":"https:\/\/www.europesays.com\/fr\/wp-json\/wp\/v2\/users\/2"}],"replies":[{"embeddable":true,"href":"https:\/\/www.europesays.com\/fr\/wp-json\/wp\/v2\/comments?post=170078"}],"version-history":[{"count":0,"href":"https:\/\/www.europesays.com\/fr\/wp-json\/wp\/v2\/posts\/170078\/revisions"}],"wp:featuredmedia":[{"embeddable":true,"href":"https:\/\/www.europesays.com\/fr\/wp-json\/wp\/v2\/media\/170079"}],"wp:attachment":[{"href":"https:\/\/www.europesays.com\/fr\/wp-json\/wp\/v2\/media?parent=170078"}],"wp:term":[{"taxonomy":"category","embeddable":true,"href":"https:\/\/www.europesays.com\/fr\/wp-json\/wp\/v2\/categories?post=170078"},{"taxonomy":"post_tag","embeddable":true,"href":"https:\/\/www.europesays.com\/fr\/wp-json\/wp\/v2\/tags?post=170078"}],"curies":[{"name":"wp","href":"https:\/\/api.w.org\/{rel}","templated":true}]}}