{"id":170085,"date":"2025-06-12T06:03:23","date_gmt":"2025-06-12T06:03:23","guid":{"rendered":"https:\/\/www.europesays.com\/fr\/170085\/"},"modified":"2025-06-12T06:03:23","modified_gmt":"2025-06-12T06:03:23","slug":"elliant-un-livre-offert-aux-tout-petits-dans-les-mediatheques","status":"publish","type":"post","link":"https:\/\/www.europesays.com\/fr\/170085\/","title":{"rendered":"Elliant. Un livre offert aux tout-petits dans les m\u00e9diath\u00e8ques"},"content":{"rendered":"<p>Mercredi matin, l\u2019autrice et illustratrice Corinne Dreyfuss \u00e9tait pr\u00e9sente \u00e0 la m\u00e9diath\u00e8que Bro Melenig d\u2019Elliant, pour animer un atelier de cr\u00e9ation de dessins \u00e0 partir de formes simples pour un public de 3 \u00e0 6\u00a0ans. En premi\u00e8re partie d\u2019atelier, elle a racont\u00e9 ses histoires aux enfants de fa\u00e7on particuli\u00e8re. En effet, elle a fait sortir les objets, les animaux des livres pour raconter leurs histoires. Dans un second temps les enfants ont pu recr\u00e9er les animaux des histoires gr\u00e2ce \u00e0 des feuilles color\u00e9es d\u00e9chir\u00e9es puis coll\u00e9es, mais aussi des gommettes. \u00a0C\u2019est une activit\u00e9 tr\u00e8s graphique que les enfants adorent car ils sont pris dans les histoires\u00a0, pr\u00e9cise Marie Crenn, biblioth\u00e9caire et r\u00e9f\u00e9rente Petite enfance des m\u00e9diath\u00e8ques de Concarneau Cornouaille Agglom\u00e9ration (CCA).<\/p>\n<p>Sur place les participants pouvaient \u00e9galement d\u00e9couvrir l\u2019exposition immersive et ludique \u00a0Dans mes livres il y a\u00a0 pour d\u00e9couvrir autrement les livres jeunesse de Corinne Dreyfuss. Elle est \u00e0 d\u00e9couvrir jusqu\u2019au 11\u00a0juin, aux horaires d\u2019ouverture habituels de la m\u00e9diath\u00e8que.<\/p>\n<p>L\u2019exposition et l\u2019atelier sont pr\u00e9sent\u00e9s dans la cadre du label national \u00a0Premi\u00e8res pages\u00a0 qui a \u00e9t\u00e9 attribu\u00e9 pour la quatri\u00e8me fois par le minist\u00e8re de la Culture aux m\u00e9diath\u00e8ques communautaires de CCA. En partenariat avec le relais petite enfance de CCA, la Maison de la petite enfance de Concarneau, la Maison de la petite enfance de Tr\u00e9gunc et les assistantes maternelles du territoire, un livre de Corinne Dreyfuss, Tapeti Tapeta a \u00e9t\u00e9 s\u00e9lectionn\u00e9 dans le cadre d\u2019un comit\u00e9 litt\u00e9raire. Depuis le mois d\u2019avril\u00a02025, tous les nouveau-n\u00e9s ou adopt\u00e9s en 2023 peuvent se faire offrir ce livre, dans les m\u00e9diath\u00e8ques du r\u00e9seau.<\/p>\n<p>\u00a0<\/p>\n","protected":false},"excerpt":{"rendered":"Mercredi matin, l\u2019autrice et illustratrice Corinne Dreyfuss \u00e9tait pr\u00e9sente \u00e0 la m\u00e9diath\u00e8que Bro Melenig d\u2019Elliant, pour animer un&hellip;\n","protected":false},"author":2,"featured_media":170086,"comment_status":"","ping_status":"","sticky":false,"template":"","format":"standard","meta":{"footnotes":""},"categories":[1357],"tags":[1379,3450,58,21357,59,1011,27,2003,1380,5916,3392,30454],"class_list":{"0":"post-170085","1":"post","2":"type-post","3":"status-publish","4":"format-standard","5":"has-post-thumbnail","7":"category-livres","8":"tag-books","9":"tag-brest","10":"tag-divertissement","11":"tag-elliant","12":"tag-entertainment","13":"tag-fr","14":"tag-france","15":"tag-livre","16":"tag-livres","17":"tag-mediatheques","18":"tag-offert","19":"tag-tout-petits"},"share_on_mastodon":{"url":"https:\/\/pubeurope.com\/@fr\/114668883376267431","error":""},"_links":{"self":[{"href":"https:\/\/www.europesays.com\/fr\/wp-json\/wp\/v2\/posts\/170085","targetHints":{"allow":["GET"]}}],"collection":[{"href":"https:\/\/www.europesays.com\/fr\/wp-json\/wp\/v2\/posts"}],"about":[{"href":"https:\/\/www.europesays.com\/fr\/wp-json\/wp\/v2\/types\/post"}],"author":[{"embeddable":true,"href":"https:\/\/www.europesays.com\/fr\/wp-json\/wp\/v2\/users\/2"}],"replies":[{"embeddable":true,"href":"https:\/\/www.europesays.com\/fr\/wp-json\/wp\/v2\/comments?post=170085"}],"version-history":[{"count":0,"href":"https:\/\/www.europesays.com\/fr\/wp-json\/wp\/v2\/posts\/170085\/revisions"}],"wp:featuredmedia":[{"embeddable":true,"href":"https:\/\/www.europesays.com\/fr\/wp-json\/wp\/v2\/media\/170086"}],"wp:attachment":[{"href":"https:\/\/www.europesays.com\/fr\/wp-json\/wp\/v2\/media?parent=170085"}],"wp:term":[{"taxonomy":"category","embeddable":true,"href":"https:\/\/www.europesays.com\/fr\/wp-json\/wp\/v2\/categories?post=170085"},{"taxonomy":"post_tag","embeddable":true,"href":"https:\/\/www.europesays.com\/fr\/wp-json\/wp\/v2\/tags?post=170085"}],"curies":[{"name":"wp","href":"https:\/\/api.w.org\/{rel}","templated":true}]}}