{"id":170091,"date":"2025-06-12T06:06:26","date_gmt":"2025-06-12T06:06:26","guid":{"rendered":"https:\/\/www.europesays.com\/fr\/170091\/"},"modified":"2025-06-12T06:06:26","modified_gmt":"2025-06-12T06:06:26","slug":"ces-deux-vaches-de-loire-atlantique-seront-au-casting-du-dernier-film-de-cedric-klapisch","status":"publish","type":"post","link":"https:\/\/www.europesays.com\/fr\/170091\/","title":{"rendered":"Ces deux vaches de Loire-Atlantique seront au casting du dernier film de C\u00e9dric Klapisch"},"content":{"rendered":"<p>            Par<br \/>\n        <strong><br \/>\n            <a href=\"https:\/\/actu.fr\/auteur\/laurent-renon\" title=\"Consulter tous les articles de Laurent Renon\" rel=\"nofollow noopener\" target=\"_blank\">Laurent Renon<\/a><br \/>\n        <\/strong><\/p>\n<p>        Publi\u00e9 le<\/p>\n<p>            11 juin 2025 \u00e0 18h13        <\/p>\n<p>Elles n\u2019ont pas mont\u00e9 les marches du <b>festival de Cannes<\/b>, mais ces deux vaches de <a href=\"https:\/\/actu.fr\/pays-de-la-loire\/loire-atlantique_44\" rel=\"nofollow noopener\" target=\"_blank\">Loire-Atlantique<\/a> apparaissent pourtant dans le dernier film de <b>C\u00e9dric Klapisch<\/b>, La venue de l\u2019avenir, s\u00e9lectionn\u00e9 hors comp\u00e9tition et actuellement dans les salles.<\/p>\n<p class=\" wall-content\">Pirouette la Bordelaise et Parisienne la Normande sont deux pensionnaires de <b>La Ferme de Thierry<\/b>, \u00e0 <a href=\"https:\/\/actu.fr\/pays-de-la-loire\/machecoul-saint-meme_44087\" rel=\"nofollow noopener\" target=\"_blank\">Machecoul Saint-M\u00eame<\/a>. Elles ont \u00e9t\u00e9 rep\u00e9r\u00e9es par le g\u00e9rant d\u2019une soci\u00e9t\u00e9 qui s\u2019occupe des animaux sur les tournages de longs-m\u00e9trages.<\/p>\n<blockquote class=\"ac-article-quote wall-content\">\n<p>Il nous avait d\u00e9j\u00e0 achet\u00e9 deux g\u00e9nisses \u00e0 une autre occasion. Il nous a propos\u00e9 de louer ces deux vaches laiti\u00e8res pour une journ\u00e9e de tournage.<\/p>\n<p>Gr\u00e9gory Laguille, associ\u00e9 de La Ferme de Thierry<\/p><\/blockquote>\n<p class=\" wall-content\">Pour ces \u00e9leveurs qui d\u00e9fendent la pr\u00e9servation des races \u00e0 petit effectif \u00ab\u2009dans un esprit de conservatoire\u2009\u00bb, l\u2019occasion \u00e9tait belle de mettre sous les projecteurs ces deux sp\u00e9cimens locaux.<\/p>\n<p class=\" wall-content\">Il y a un an, presque jour pour jour, Gr\u00e9gory Laguille et sa fille, Salom\u00e9, ont transport\u00e9 Pirouette et Parisienne \u00e0 Theuville, au nord de <a href=\"https:\/\/actu.fr\/paris\/\" rel=\"nofollow noopener\" target=\"_blank\">Paris<\/a>, dans une ferme utilis\u00e9e r\u00e9guli\u00e8rement par le 7e art.<\/p>\n<p>Vid\u00e9os : en ce moment sur ActuUne le\u00e7on de traite en 30\u00a0minutes<\/p>\n<p class=\" wall-content\">\u00ab\u2009Il a fallu les habituer \u00e0 rentrer dans le camion, les entra\u00eener \u00e0 marcher au licol, pr\u00e9cise l\u2019agriculteur. Et sur le plateau, comme Suzanne Lindon, l\u2019actrice principale du film, n\u2019avait jamais approch\u00e9 une vache, on lui a appris \u00e0 <b>traire \u00e0 la main<\/b>. En moins de 30\u00a0minutes, c\u2019\u00e9tait bon\u2009!\u2009\u00bb<\/p>\n<p>    <img   decoding=\"async\" loading=\"lazy\" class=\"size-large\" src=\"https:\/\/www.europesays.com\/fr\/wp-content\/uploads\/2025\/06\/852a0706a9486a92a0706a9488d2a0v-960x640.jpg\" alt=\"L'actrice Suzanne Lindon (Ad\u00e8le dans le film) en pleine action de traite de Pirouette.\" width=\"960\" height=\"640\"\/><br \/>\n    L\u2019actrice Suzanne Lindon (Ad\u00e8le dans le film) en pleine action de traite de Pirouette. \u00a9Gr\u00e9gory Laguille<\/p>\n<p class=\" wall-content\">Si les deux laiti\u00e8res ont assur\u00e9 tranquillement leur r\u00f4le \u00ab\u2009comme si elles avaient fait \u00e7a toute leur vie\u2009\u00bb, Gr\u00e9gory Laguille a \u00e9t\u00e9<b> impressionn\u00e9<\/b> par la trentaine de personnes en activit\u00e9 pour tourner cette sc\u00e8ne dans la grange.<\/p>\n<p class=\" wall-content\">Une journ\u00e9e de travail pour finalement une trentaine de secondes \u00e0 l\u2019\u00e9cran pour ses deux prot\u00e9g\u00e9es qui ne font pas que de la figuration.<\/p>\n<blockquote class=\"ac-article-quote wall-content\">\n<p>Toute l\u2019\u00e9quipe a \u00e9t\u00e9 adorable, gentille et attentionn\u00e9e. Nous avons v\u00e9cu une super exp\u00e9rience\u2009!<\/p>\n<p>Gr\u00e9gory Laguille, associ\u00e9 de La Ferme de Thierry<\/p><\/blockquote>\n<p class=\" wall-content\">D\u00e8s leur retour \u00e0 La ferme de Thierry, Pirouette et Parisienne ont repris \u00ab\u2009avec un petit quelque chose en plus\u2009\u00bb leur travail de productrice de lait bio pour la fromagerie Beillevaire.<\/p>\n<p>    <img   decoding=\"async\" loading=\"lazy\" class=\"size-large\" src=\"https:\/\/www.europesays.com\/fr\/wp-content\/uploads\/2025\/06\/e9462cf4a94862e462cf4a94802562v-960x640.jpg\" alt=\"Salom\u00e9 Laguille, C\u00e9dric Clapisch et Suzanne Lindon entour\u00e9s de Pirouette et Parisienne, dans la grange du tournage.\" width=\"960\" height=\"640\"\/><br \/>\n    Salom\u00e9 Laguille, C\u00e9dric Klapisch et Suzanne Lindon entour\u00e9s de Pirouette et Parisienne, dans la grange du tournage. \u00a9Gr\u00e9gory LaguilleAu Cin\u00e9machecoul<\/p>\n<p class=\" wall-content\">Et si vous voulez appr\u00e9cier le \u00ab\u2009jeu\u2009\u00bb de ces deux nouvelles stars locales, des projections de <a href=\"https:\/\/www.festival-cannes.com\/f\/la-venue-de-l-avenir\/\" rel=\"nofollow noopener\" target=\"_blank\">La venue de l\u2019avenir<\/a> sont encore programm\u00e9es au Cin\u00e9machecoul et dans bien d\u2019autres cin\u00e9mas. 400\u2009000\u00a0spectateurs sont d\u00e9j\u00e0 all\u00e9s voir le 15e film de C\u00e9dric Klapisch, connu pour avoir r\u00e9alis\u00e9 Le p\u00e9ril jeune, Chacun cherche son chat, Un air de famille ou encore L\u2019auberge espagnole.<\/p>\n<p class=\" wall-content\">Suivez toute l\u2019actualit\u00e9 de vos villes et m\u00e9dias favoris en vous inscrivant \u00e0 <a href=\"https:\/\/moncompte.actu.fr\" title=\"D\u00e9couvez Mon Actu\" rel=\"nofollow noopener\" data-trk=\"{&quot;cta&quot;:{&quot;action&quot;:&quot;https:\\\/\\\/moncompte.actu.fr&quot;,&quot;category&quot;:&quot;mon compte&quot;,&quot;from&quot;:&quot;article footer&quot;,&quot;name&quot;:&quot;Mon actu&quot;,&quot;type&quot;:&quot;cta&quot;}}\" target=\"_blank\">Mon Actu<\/a>.<\/p>\n","protected":false},"excerpt":{"rendered":"Par Laurent Renon Publi\u00e9 le 11 juin 2025 \u00e0 18h13 Elles n\u2019ont pas mont\u00e9 les marches du festival&hellip;\n","protected":false},"author":2,"featured_media":170092,"comment_status":"","ping_status":"","sticky":false,"template":"","format":"standard","meta":{"footnotes":""},"categories":[1354],"tags":[327,1867,650,58,59,1346,1011,27,1652,1360],"class_list":{"0":"post-170091","1":"post","2":"type-post","3":"status-publish","4":"format-standard","5":"has-post-thumbnail","7":"category-films","8":"tag-agriculture","9":"tag-animaux","10":"tag-cinema","11":"tag-divertissement","12":"tag-entertainment","13":"tag-films","14":"tag-fr","15":"tag-france","16":"tag-loisirs-culture","17":"tag-movies"},"share_on_mastodon":{"url":"https:\/\/pubeurope.com\/@fr\/114668895352743829","error":""},"_links":{"self":[{"href":"https:\/\/www.europesays.com\/fr\/wp-json\/wp\/v2\/posts\/170091","targetHints":{"allow":["GET"]}}],"collection":[{"href":"https:\/\/www.europesays.com\/fr\/wp-json\/wp\/v2\/posts"}],"about":[{"href":"https:\/\/www.europesays.com\/fr\/wp-json\/wp\/v2\/types\/post"}],"author":[{"embeddable":true,"href":"https:\/\/www.europesays.com\/fr\/wp-json\/wp\/v2\/users\/2"}],"replies":[{"embeddable":true,"href":"https:\/\/www.europesays.com\/fr\/wp-json\/wp\/v2\/comments?post=170091"}],"version-history":[{"count":0,"href":"https:\/\/www.europesays.com\/fr\/wp-json\/wp\/v2\/posts\/170091\/revisions"}],"wp:featuredmedia":[{"embeddable":true,"href":"https:\/\/www.europesays.com\/fr\/wp-json\/wp\/v2\/media\/170092"}],"wp:attachment":[{"href":"https:\/\/www.europesays.com\/fr\/wp-json\/wp\/v2\/media?parent=170091"}],"wp:term":[{"taxonomy":"category","embeddable":true,"href":"https:\/\/www.europesays.com\/fr\/wp-json\/wp\/v2\/categories?post=170091"},{"taxonomy":"post_tag","embeddable":true,"href":"https:\/\/www.europesays.com\/fr\/wp-json\/wp\/v2\/tags?post=170091"}],"curies":[{"name":"wp","href":"https:\/\/api.w.org\/{rel}","templated":true}]}}