{"id":170101,"date":"2025-06-12T06:12:09","date_gmt":"2025-06-12T06:12:09","guid":{"rendered":"https:\/\/www.europesays.com\/fr\/170101\/"},"modified":"2025-06-12T06:12:09","modified_gmt":"2025-06-12T06:12:09","slug":"pour-donald-trump-et-les-republicains-la-californie-est-le-contre-exemple-ultime","status":"publish","type":"post","link":"https:\/\/www.europesays.com\/fr\/170101\/","title":{"rendered":"Pour Donald Trump et les r\u00e9publicains, la Californie est \u00ab\u00a0le contre-exemple ultime\u00a0\u00bb"},"content":{"rendered":"<p>Avec son bord de mer plant\u00e9 de palmiers, ses stars hollywoodiennes et son Golden Gate, la <a href=\"https:\/\/www.20minutes.fr\/dossier\/californie\" class=\"color-ultramarine c-link\" target=\"_blank\" rel=\"noopener\">Californie <\/a>attire plus que n\u2019importe quel autre Etat am\u00e9ricain. L\u2019Etat dor\u00e9 fait tellement r\u00eaver que chaque ann\u00e9e, il est visit\u00e9 par pr\u00e8s de <a href=\"https:\/\/industry.visitcalifornia.com\/research\/reports\/travel-forecast\" rel=\"nofollow noopener\" target=\"_blank\" class=\"color-ultramarine c-link\">270\u00a0millions de personnes<\/a>. Mais cet amour, <a href=\"https:\/\/www.20minutes.fr\/dossier\/donald_trump\" class=\"color-ultramarine c-link\" target=\"_blank\" rel=\"noopener\">Donald Trump<\/a> ne le partage pas. Le pr\u00e9sident des <a href=\"https:\/\/www.20minutes.fr\/monde\/etats-unis\/\" class=\"color-ultramarine c-link\" target=\"_blank\" rel=\"noopener\">Etats-Unis<\/a> est en plein bras de fer avec la Californie alors que l\u2019Etat est secou\u00e9 par une myriade de manifestations, lesquelles d\u00e9noncent les raids muscl\u00e9s de la police f\u00e9d\u00e9rale de <a href=\"https:\/\/www.20minutes.fr\/dossier\/immigration\" class=\"color-ultramarine c-link\" target=\"_blank\" rel=\"noopener\">l\u2019immigration <\/a>(ICE).<\/p>\n<p>Dimanche dernier, le locataire de la Maison Blanche a d\u00e9ploy\u00e9 la Garde nationale, puis ordonn\u00e9 que soient envoy\u00e9s plusieurs milliers de Marines. Ulc\u00e9r\u00e9, le gouverneur d\u00e9mocrate de Californie, Gavin Newsom, a d\u00e9nonc\u00e9 une d\u00e9cision \u00ab\u00a0volontairement incendiaire\u00a0\u00bb, et l\u2019Etat a saisi la justice dans l\u2019espoir d\u2019emp\u00eacher ce d\u00e9ploiement. Spectaculaire, cette nouvelle passe d\u2019armes n\u2019est toutefois pas une premi\u00e8re. Car depuis l\u2019entr\u00e9e en politique du magnat de l\u2019immobilier, le d\u00e9samour entre le New-Yorkais de naissance et la c\u00f4te Ouest est permanent.<\/p>\n<\/p>\n<p>Trump \u00ab\u00a0n\u2019a pas oubli\u00e9\u00a0\u00bb la r\u00e9sistance de la Californie<\/p>\n<p>D\u00e8s sa premi\u00e8re campagne pr\u00e9sidentielle, Donald Trump fustige le \u00ab\u00a0bordel\u00a0\u00bb qu\u2019est la Californie, selon ses dires. \u00ab\u00a0Avant m\u00eame d\u2019\u00eatre en place pour son premier mandat, il l\u2019a cibl\u00e9e comme un ennemi\u00a0\u00bb, confirme Olivier Richomme, ma\u00eetre de conf\u00e9rences en civilisation am\u00e9ricaine \u00e0 Lyon-2. En\u00a02016, le pr\u00e9sident r\u00e9publicain s\u2019en prend au syst\u00e8me \u00e9lectoral californien, qu\u2019il accuse (sans preuve) de fraude. Enjoint de transmettre le profil de chaque votant, l\u2019Etat, \u00e0 cause duquel il a perdu le vote populaire face \u00e0 Hillary Clinton, refuse alors de coop\u00e9rer, accusant Donald Trump de fichage politique.<\/p>\n<p>\u00ab\u00a0L\u2019\u00e9lection de\u00a02016 a \u00e9t\u00e9 une prise de conscience du r\u00f4le de la Californie en tant que premier opposant, d\u00e9crypte Lauric Henneton, ma\u00eetre de conf\u00e9rences \u00e0 l\u2019universit\u00e9 Versailles-Saint-Quentin-en-Yvelines et auteur du R\u00eave am\u00e9ricain \u00e0 l\u2019\u00e9preuve de Donald Trump. En\u00a02017 et\u00a02018, le gouverneur Jerry Brown s\u2019\u00e9tait vraiment \u00e9rig\u00e9 comme l\u2019opposant num\u00e9ro un sur la question climatique. Il avait mis en place une diplomatie parall\u00e8le, allant rencontrer des dirigeants de pays \u00e9trangers pour leur promettre le soutien climatique de la Californie. Donald Trump ne l\u2019a pas oubli\u00e9.\u00a0\u00bb<\/p>\n<p>Un monstre \u00e9conomique \u00ab\u00a0\u00e0 mater\u00a0\u00bb<\/p>\n<p>D\u2019autant qu\u2019avec pr\u00e8s de 40\u00a0millions d\u2019habitants et un <a href=\"https:\/\/www.20minutes.fr\/economie\/pib\/\" class=\"color-ultramarine c-link\" target=\"_blank\" rel=\"noopener\">PIB<\/a> qui la placerait dans les 5 premi\u00e8res puissances \u00e9conomiques du monde si elle \u00e9tait ind\u00e9pendante, la Californie est un adversaire de taille pour les r\u00e9publicains. \u00ab\u00a0Elle repr\u00e9sente un danger pour quelqu\u2019un qui fait preuve d\u2019autoritarisme parce que c\u2019est l\u2019Etat le plus riche, le plus peupl\u00e9. Donc quand elle r\u00e9siste au niveau des instances f\u00e9d\u00e9rales et judiciaires, elle p\u00e8se et donne un exemple qui peut encourager d\u2019autres Etats \u00e0 suivre\u00a0\u00bb, analyse Olivier Richomme.<\/p>\n<p>Pour Donald Trump, la Californie est donc \u00ab\u00a0l\u2019Etat \u00e0 mater\u00a0\u00bb, souligne-t-il. Le r\u00e9publicain profite d\u2019ailleurs des tensions actuelles pour menacer les autres Etats. \u00ab\u00a0S\u2019ils manifestent, ils trouveront face \u00e0 eux la m\u00eame force ou une force sup\u00e9rieure\u00a0\u00bb \u00e0 celle d\u00e9ploy\u00e9e \u00e0 <a href=\"https:\/\/www.20minutes.fr\/dossier\/los_angeles\" class=\"color-ultramarine c-link\" target=\"_blank\" rel=\"noopener\">Los Angeles<\/a>, a-t-il pr\u00e9venu.<\/p>\n<p>Imaginaires et man\u0153uvres politiques<\/p>\n<p>En r\u00e9sum\u00e9, \u00ab\u00a0pour les r\u00e9publicains, la Californie est le contre-exemple ultime.\u00a0\u00bb Donald Trump n\u2019a d\u2019ailleurs pas de mots assez durs pour d\u00e9crire un territoire qu\u2019il estime \u00ab\u00a0envahi d\u2019ennemis \u00e9trangers\u00a0\u00bb et en pleine \u00ab\u00a0anarchie\u00a0\u00bb. Car \u00ab\u00a0dans l\u2019imaginaire r\u00e9publicain, la Californie est un territoire gangren\u00e9 par la drogue, une zone de non-droit o\u00f9 les politiques d\u00e9mocrates corrompus sont \u00e0 la solde de r\u00e9seaux criminels et des LGBT\u00a0\u00bb, glisse Lauric Henneton. Un \u00ab\u00a0Boboland\u00a0\u00bb qui servirait de \u00ab\u00a0repoussoir \u00e0 r\u00e9publicains\u00a0\u00bb. \u00ab\u00a0La pub dont tout le monde se souvient, c\u2019est\u00a0: <a href=\"https:\/\/en.wikipedia.org\/wiki\/Kamala_is_for_they\/them\" rel=\"nofollow noopener\" target=\"_blank\" class=\"color-ultramarine c-link\">\u00ab\u00a0Kamala Harris est pour iel, le pr\u00e9sident Trump est pour vous\u00a0!\u00a0\u00bb<\/a>\u00a0\u00bb, illustre Olivier Richomme.<\/p>\n<p>A l\u2019inverse, dans la matrice d\u00e9mocrate, la Californie est \u00ab\u00a0le bastion avanc\u00e9 de l\u2019antitrumpisme\u00a0\u00bb, selon Lauric Henneton. Le gouvernement local, les deux chambres \u00e9tatiques et m\u00eame la <a href=\"https:\/\/www.20minutes.fr\/monde\/cour_supreme\/\" class=\"color-ultramarine c-link\" target=\"_blank\" rel=\"noopener\">Cour supr\u00eame<\/a> californienne sont domin\u00e9s par la gauche am\u00e9ricaine. Autant dire que l\u2019enti\u00e8ret\u00e9 de l\u2019appareil \u00e9tatique s\u2019oppose \u00e0 Donald Trump.<\/p>\n<p><a href=\"https:\/\/www.20minutes.fr\/dossier\/donald_trump\" class=\"c-link c-btn c-btn--primary\" target=\"_blank\" rel=\"noopener\">Notre dossier sur Donald Trump<\/a><\/p>\n<p>L\u2019embrasement actuel trouve donc ses origines dans les braises d\u2019une opposition historique, mais il r\u00e9pond aussi aux consid\u00e9rations politiques du moment. \u00ab\u00a0En se pr\u00e9sentant comme l\u2019antith\u00e8se de Donald Trump, le gouverneur d\u00e9mocrate Gavin Newsom se positionne. Il devient leader de cette r\u00e9sistance, une position int\u00e9ressante quand on sait qu\u2019il pense tr\u00e8s fort \u00e0 la pr\u00e9sidentielle de\u00a02028\u00a0\u00bb, analyse Olivier Richomme.<\/p>\n<p>De son c\u00f4t\u00e9, Donald Trump raffole de cette s\u00e9quence m\u00e9diatique dans laquelle il peut montrer les muscles. Et comme le souligne Lauric Henneton, \u00ab\u00a0il avait besoin de changer de narratif entre son divorce avec <a href=\"https:\/\/www.20minutes.fr\/dossier\/elon_musk\" class=\"color-ultramarine c-link\" target=\"_blank\" rel=\"noopener\">Elon Musk<\/a>, les accusations li\u00e9es \u00e0 l\u2019affaire Epstein, le recul sur les tarifs douaniers ou son gros projet de loi fiscal qui menace de ne pas passer au S\u00e9nat.\u00a0\u00bb Une aubaine pour le pr\u00e9sident am\u00e9ricain, ravi de maltraiter son meilleur ennemi.<\/p>\n","protected":false},"excerpt":{"rendered":"Avec son bord de mer plant\u00e9 de palmiers, ses stars hollywoodiennes et son Golden Gate, la Californie attire&hellip;\n","protected":false},"author":2,"featured_media":170102,"comment_status":"","ping_status":"","sticky":false,"template":"","format":"standard","meta":{"footnotes":""},"categories":[5],"tags":[47,11,2139,75,73,1011,27,142,14,74,12,28],"class_list":{"0":"post-170101","1":"post","2":"type-post","3":"status-publish","4":"format-standard","5":"has-post-thumbnail","7":"category-international","8":"tag-actualite","9":"tag-actualites","10":"tag-californie","11":"tag-donald-trump","12":"tag-etats-unis","13":"tag-fr","14":"tag-france","15":"tag-high-tech","16":"tag-international","17":"tag-monde","18":"tag-news","19":"tag-world"},"share_on_mastodon":{"url":"https:\/\/pubeurope.com\/@fr\/114668918801201180","error":""},"_links":{"self":[{"href":"https:\/\/www.europesays.com\/fr\/wp-json\/wp\/v2\/posts\/170101","targetHints":{"allow":["GET"]}}],"collection":[{"href":"https:\/\/www.europesays.com\/fr\/wp-json\/wp\/v2\/posts"}],"about":[{"href":"https:\/\/www.europesays.com\/fr\/wp-json\/wp\/v2\/types\/post"}],"author":[{"embeddable":true,"href":"https:\/\/www.europesays.com\/fr\/wp-json\/wp\/v2\/users\/2"}],"replies":[{"embeddable":true,"href":"https:\/\/www.europesays.com\/fr\/wp-json\/wp\/v2\/comments?post=170101"}],"version-history":[{"count":0,"href":"https:\/\/www.europesays.com\/fr\/wp-json\/wp\/v2\/posts\/170101\/revisions"}],"wp:featuredmedia":[{"embeddable":true,"href":"https:\/\/www.europesays.com\/fr\/wp-json\/wp\/v2\/media\/170102"}],"wp:attachment":[{"href":"https:\/\/www.europesays.com\/fr\/wp-json\/wp\/v2\/media?parent=170101"}],"wp:term":[{"taxonomy":"category","embeddable":true,"href":"https:\/\/www.europesays.com\/fr\/wp-json\/wp\/v2\/categories?post=170101"},{"taxonomy":"post_tag","embeddable":true,"href":"https:\/\/www.europesays.com\/fr\/wp-json\/wp\/v2\/tags?post=170101"}],"curies":[{"name":"wp","href":"https:\/\/api.w.org\/{rel}","templated":true}]}}