{"id":170105,"date":"2025-06-12T06:14:09","date_gmt":"2025-06-12T06:14:09","guid":{"rendered":"https:\/\/www.europesays.com\/fr\/170105\/"},"modified":"2025-06-12T06:14:09","modified_gmt":"2025-06-12T06:14:09","slug":"deux-jours-apres-les-cours-reprennent-au-college-francoise-dolto","status":"publish","type":"post","link":"https:\/\/www.europesays.com\/fr\/170105\/","title":{"rendered":"deux jours apr\u00e8s, les cours reprennent au coll\u00e8ge Fran\u00e7oise Dolto"},"content":{"rendered":"<p>Une minute de silence en m\u00e9moire de M\u00e9lanie, la surveillante de 31 ans tu\u00e9e, doit \u00eatre observ\u00e9e \u00e0 midi dans tous les \u00e9tablissements scolaires du pays, \u00e0 la demande de la ministre de l\u2019\u00c9ducation nationale \u00c9lisabeth Borne.<\/p>\n<p class=\"fig-paragraph\">Les cours doivent reprendre au\u00a0<a href=\"http:\/\/www.lefigaro.fr\/faits-divers\/dossier\/meurtre-d-une-surveillante-de-college-a-nogent-le-choc-et-les-questions-apres-le-drame\" data-fig-type=\"Topic\" data-gtm-custom-categorie=\"navigation\" data-gtm-custom-action=\"crossclick\" data-gtm-custom-label=\"Contextuel\" data-gtm-event=\"customEventSPE\" data-fig-domain=\"LEFIGARO\" target=\"_blank\" rel=\"noopener\">coll\u00e8ge de Nogent<\/a>\u00a0(Haute-Marne) jeudi, deux jours apr\u00e8s le\u00a0<a href=\"http:\/\/www.lefigaro.fr\/faits-divers\/tuer-une-surveillante-n-importe-laquelle-le-suspect-de-nogent-n-exprime-pas-de-regret-ni-de-compassion-pour-la-victime-selon-le-procureur-20250611\" data-fig-type=\"NewsFlash\" data-gtm-custom-categorie=\"navigation\" data-gtm-custom-action=\"crossclick\" data-gtm-custom-label=\"Contextuel\" data-gtm-event=\"customEventSPE\" data-fig-domain=\"LEFIGARO\" target=\"_blank\" rel=\"noopener\">meurtre d&rsquo;une surveillante<\/a>, alors que la justice s&rsquo;oriente vers une mise en examen de l&rsquo;\u00e9l\u00e8ve de 14 ans en garde \u00e0 vue pour l&rsquo;avoir poignard\u00e9e.<\/p>\n<p class=\"fig-paragraph\">Une\u00a0<a href=\"http:\/\/www.lefigaro.fr\/actualite-france\/meurtre-d-une-surveillante-a-nogent-borne-annonce-une-minute-de-silence-dans-tous-les-etablissements-scolaires-jeudi-midi-20250611\" data-fig-type=\"NewsFlash\" data-gtm-custom-categorie=\"navigation\" data-gtm-custom-action=\"crossclick\" data-gtm-custom-label=\"Contextuel\" data-gtm-event=\"customEventSPE\" data-fig-domain=\"LEFIGARO\" target=\"_blank\" rel=\"noopener\">minute de silence<\/a>\u00a0en m\u00e9moire de M\u00e9lanie, la surveillante de 31 ans tu\u00e9e, doit \u00eatre observ\u00e9e \u00e0 midi dans tous les \u00e9tablissements scolaires du pays, \u00e0 la demande de la ministre de l&rsquo;\u00c9ducation nationale \u00c9lisabeth Borne.<\/p>\n<p class=\"fig-paragraph\">Le coll\u00e9gien a \u00e9t\u00e9 interpell\u00e9 mardi matin juste apr\u00e8s les faits, qui se sont produits lors d&rsquo;un\u00a0<a href=\"http:\/\/www.lefigaro.fr\/faits-divers\/meurtre-d-une-surveillante-de-college-a-nogent-le-suspect-avait-ete-exclu-a-deux-reprises-pour-avoir-brutalise-des-camarades-20250610\" data-fig-type=\"NewsFlash\" data-gtm-custom-categorie=\"navigation\" data-gtm-custom-action=\"crossclick\" data-gtm-custom-label=\"Contextuel\" data-gtm-event=\"customEventSPE\" data-fig-domain=\"LEFIGARO\" target=\"_blank\" rel=\"noopener\">contr\u00f4le inopin\u00e9 des sacs des \u00e9l\u00e8ves<\/a>\u00a0par des gendarmes devant son \u00e9tablissement.<\/p>\n<p class=\"fig-paragraph\">Sa garde \u00e0 vue a \u00e9t\u00e9 prolong\u00e9e mercredi de 24 heures pour permettre \u00abde nouvelles auditions\u00bb, a indiqu\u00e9 le procureur de la R\u00e9publique de Chaumont, Denis Devallois. L&rsquo;issue de cette garde \u00e0 vue doit \u00eatre connue jeudi.<\/p>\n<p>Enqu\u00eate ouverte pour meurtre aggrav\u00e9<\/p>\n<p class=\"fig-paragraph\">Le suspect ne pr\u00e9sente \u00abaucun signe \u00e9voquant un possible trouble mental\u00bb mais appara\u00eet en \u00abperte de rep\u00e8res quant \u00e0 la valeur de la vie humaine\u00bb, selon le procureur. Adolescent \u00abfascin\u00e9 par la violence\u00bb, il a dit en garde \u00e0 vue qu&rsquo;il voulait tuer une surveillante, \u00abn&rsquo;importe laquelle\u00bb, rapporte le magistrat.<\/p>\n<p class=\"fig-paragraph\">L&rsquo;enqu\u00eate a \u00e9t\u00e9 ouverte pour \u00abmeurtre aggrav\u00e9\u00bb, du fait du statut de la victime, qui \u00e9tait charg\u00e9e d&rsquo;une mission de service public, et pour \u00abtentative de meurtre sur une personne d\u00e9positaire de l&rsquo;autorit\u00e9 publique\u00bb. Le gendarme qui l&rsquo;a ma\u00eetris\u00e9 a \u00e9galement \u00e9t\u00e9 bless\u00e9 \u00e0 la main par un coup de couteau.<\/p>\n<p class=\"fig-paragraph\">\u00abLa question de la qualification se pose\u00bb et \u00absera probablement \u00e9voqu\u00e9e\u00bb jeudi \u00e0 l&rsquo;issue de sa garde \u00e0 vue et de sa pr\u00e9sentation \u00e0 un juge d&rsquo;instruction de Dijon, a indiqu\u00e9 le procureur lors d&rsquo;une conf\u00e9rence de presse mercredi. En effet, le mis en cause a confi\u00e9 aux enqu\u00eateurs \u00abavoir eu l&rsquo;intention de tuer\u00bb, a-t-il soulign\u00e9.<\/p>\n<p class=\"fig-paragraph\">La pr\u00e9m\u00e9ditation est une circonstance aggravante, susceptible de faire \u00e9voluer le chef de \u00abmeurtre\u00bb en \u00abassassinat\u00bb. En raison de sa minorit\u00e9, le suspect encourt une peine de 20 ans de r\u00e9clusion criminelle au lieu d&rsquo;une peine de prison \u00e0 perp\u00e9tuit\u00e9, a encore relev\u00e9 M. Devallois.<\/p>\n<p>Reprise des cours<\/p>\n<p class=\"fig-paragraph\">Dans un climat pesant, encore tr\u00e8s charg\u00e9 d&rsquo;\u00e9motion, les cours doivent reprendre jeudi matin au coll\u00e8ge Fran\u00e7oise-Dolto de Nogent, apr\u00e8s avoir \u00e9t\u00e9 suspendus pendant deux jours \u00e0 la suite de ce drame qui a eu un \u00e9norme retentissement dans les sph\u00e8res \u00e9ducatives et politiques.<\/p>\n<p class=\"fig-paragraph\">Sur la grille de l&rsquo;\u00e9tablissement,\u00a0<a href=\"http:\/\/www.lefigaro.fr\/flash-actu\/on-n-arrivera-jamais-a-oublier-drapeaux-en-berne-et-hommages-a-nogent-apres-le-meurtre-d-une-surveillante-de-college-20250611\" data-fig-type=\"NewsFlash\" data-gtm-custom-categorie=\"navigation\" data-gtm-custom-action=\"crossclick\" data-gtm-custom-label=\"Contextuel\" data-gtm-event=\"customEventSPE\" data-fig-domain=\"LEFIGARO\" target=\"_blank\" rel=\"noopener\">des familles, passants ou proches, ont d\u00e9pos\u00e9 des roses blanches, des bouquets<\/a>, et parfois un message de soutien.<\/p>\n<p class=\"fig-paragraph\">Une cellule psychologique y est activ\u00e9e au moins jusqu&rsquo;\u00e0 la fin de la semaine a indiqu\u00e9 le rectorat.<\/p>\n<p class=\"fig-paragraph\">Le pr\u00e9sident Emmanuel Macron a estim\u00e9 mercredi que l&rsquo;acc\u00e8s des plus jeunes aux r\u00e9seaux sociaux est porteur d&rsquo;\u00ab\u00e9pid\u00e9mies de violences\u00bb qu&rsquo;il faut \u00ababsolument r\u00e9guler\u00bb, promettant leur interdiction prochaine aux moins de 15 ans.<\/p>\n<p class=\"fig-paragraph\">Au-del\u00e0 de l&rsquo;interdiction imm\u00e9diate de la vente de couteaux aux mineurs, et \u00abl&rsquo;exp\u00e9rimentation\u00bb de portiques de s\u00e9curit\u00e9 voulue par le Premier ministre, le camp pr\u00e9sidentiel et la gauche pr\u00e9viennent que la r\u00e9ponse est multiple et qu&rsquo;il n&rsquo;y a pas de \u00absolution magique\u00bb. La droite, elle, insiste sur \u00abla sanction\u00bb.<\/p>\n<p class=\"fig-paragraph\">Les proches de la victime ont par ailleurs annonc\u00e9\u00a0<a href=\"http:\/\/www.lefigaro.fr\/actualite-france\/meurtre-d-une-surveillante-a-nogent-une-marche-blanche-se-tiendra-ce-vendredi-20250611\" data-fig-type=\"NewsFlash\" data-gtm-custom-categorie=\"navigation\" data-gtm-custom-action=\"crossclick\" data-gtm-custom-label=\"Contextuel\" data-gtm-event=\"customEventSPE\" data-fig-domain=\"LEFIGARO\" target=\"_blank\" rel=\"noopener\">une marche blanche<\/a>\u00a0\u00e0 Nogent vendredi \u00e0 18 heures.<\/p>\n","protected":false},"excerpt":{"rendered":"Une minute de silence en m\u00e9moire de M\u00e9lanie, la surveillante de 31 ans tu\u00e9e, doit \u00eatre observ\u00e9e \u00e0&hellip;\n","protected":false},"author":2,"featured_media":170106,"comment_status":"","ping_status":"","sticky":false,"template":"","format":"standard","meta":{"footnotes":""},"categories":[2],"tags":[47,1058,1054,1059,1060,1055,11,1124,1057,118,1011,27,1061,303,777,12,1062,656,104,1056,809],"class_list":{"0":"post-170105","1":"post","2":"type-post","3":"status-publish","4":"format-standard","5":"has-post-thumbnail","7":"category-actualites","8":"tag-actualite","9":"tag-actualite-education","10":"tag-actualite-france","11":"tag-actualite-justice","12":"tag-actualite-securite","13":"tag-actualite-societe","14":"tag-actualites","15":"tag-college","16":"tag-education","17":"tag-faits-divers","18":"tag-fr","19":"tag-france","20":"tag-immigration","21":"tag-justice","22":"tag-meurtre","23":"tag-news","24":"tag-polemique","25":"tag-securite","26":"tag-societe","27":"tag-societe-francaise","28":"tag-violence"},"share_on_mastodon":{"url":"https:\/\/pubeurope.com\/@fr\/114668926635981426","error":""},"_links":{"self":[{"href":"https:\/\/www.europesays.com\/fr\/wp-json\/wp\/v2\/posts\/170105","targetHints":{"allow":["GET"]}}],"collection":[{"href":"https:\/\/www.europesays.com\/fr\/wp-json\/wp\/v2\/posts"}],"about":[{"href":"https:\/\/www.europesays.com\/fr\/wp-json\/wp\/v2\/types\/post"}],"author":[{"embeddable":true,"href":"https:\/\/www.europesays.com\/fr\/wp-json\/wp\/v2\/users\/2"}],"replies":[{"embeddable":true,"href":"https:\/\/www.europesays.com\/fr\/wp-json\/wp\/v2\/comments?post=170105"}],"version-history":[{"count":0,"href":"https:\/\/www.europesays.com\/fr\/wp-json\/wp\/v2\/posts\/170105\/revisions"}],"wp:featuredmedia":[{"embeddable":true,"href":"https:\/\/www.europesays.com\/fr\/wp-json\/wp\/v2\/media\/170106"}],"wp:attachment":[{"href":"https:\/\/www.europesays.com\/fr\/wp-json\/wp\/v2\/media?parent=170105"}],"wp:term":[{"taxonomy":"category","embeddable":true,"href":"https:\/\/www.europesays.com\/fr\/wp-json\/wp\/v2\/categories?post=170105"},{"taxonomy":"post_tag","embeddable":true,"href":"https:\/\/www.europesays.com\/fr\/wp-json\/wp\/v2\/tags?post=170105"}],"curies":[{"name":"wp","href":"https:\/\/api.w.org\/{rel}","templated":true}]}}