{"id":170126,"date":"2025-06-12T06:28:20","date_gmt":"2025-06-12T06:28:20","guid":{"rendered":"https:\/\/www.europesays.com\/fr\/170126\/"},"modified":"2025-06-12T06:28:20","modified_gmt":"2025-06-12T06:28:20","slug":"voici-ce-quil-sest-passe","status":"publish","type":"post","link":"https:\/\/www.europesays.com\/fr\/170126\/","title":{"rendered":"voici ce qu&rsquo;il s&rsquo;est pass\u00e9"},"content":{"rendered":"<p>            Par<br \/>\n        <strong><br \/>\n            <a href=\"https:\/\/actu.fr\/auteur\/brian-legoff\" title=\"Consulter tous les articles de Brian Le Goff\" rel=\"nofollow noopener\" target=\"_blank\">Brian Le Goff<\/a><br \/>\n        <\/strong><\/p>\n<p>        Publi\u00e9 le<\/p>\n<p>            12 juin 2025 \u00e0 6h08        <\/p>\n<p>Il \u00e9tait <strong>5h30<\/strong> quand ils ont \u00e9t\u00e9 appel\u00e9s et le<strong> retentissement de leurs sir\u00e8nes<\/strong> \u00e0 un horaire tr\u00e8s matinal quelques minutes plus tard a pu surprendre de nombreux habitants de l\u2019ouest du centre-ville de <a href=\"https:\/\/actu.fr\/rennes\/\" rel=\"nofollow noopener\" target=\"_blank\">Rennes<\/a>. Ce jeudi 12\u00a0juin, 37 pompiers ont \u00e9t\u00e9 envoy\u00e9s de toute urgence au <strong>8, place du bas des Lices<\/strong>.<\/p>\n<p>Un secteur d\u2019intervention surveill\u00e9<\/p>\n<p class=\" wall-content\">Contact\u00e9, le Centre op\u00e9rationnel d\u2019incendie et de secours (Codis) indique que cet important d\u00e9ploiement est d\u00fb au secteur d\u2019intervention. En effet, les soldats du feu ont \u00e9t\u00e9 d\u00e9p\u00each\u00e9s pour un <strong>d\u00e9part de feu dans la boulangerie Aux d\u00e9lices de Sam.<\/strong><\/p>\n<p class=\" wall-content\">Cette derni\u00e8re \u00e9tant situ\u00e9e dans la <strong>zone historique de Rennes,<\/strong> de tr\u00e8s gros moyens humains et mat\u00e9riels sont envoy\u00e9s pour circonscrire l\u2019incendie et pr\u00e9venir toute propagation \u00e0 d\u2019autres b\u00e2timents.<\/p>\n<p>Le feu ma\u00eetris\u00e9 tr\u00e8s rapidement<\/p>\n<p class=\" wall-content\">Ce jeudi matin, les pompiers sont arriv\u00e9s et ont \u00e9teint <strong>le feu \u00e0 l\u2019aide d\u2019un extincteur<\/strong>. Ainsi, quelques minutes apr\u00e8s leur arriv\u00e9e, de nombreux pompiers ont \u00e9t\u00e9 lib\u00e9r\u00e9s et renvoy\u00e9s vers leurs casernes respectives.<\/p>\n<p class=\" wall-content\"><strong>Plus de peur que de mal<\/strong> pour l\u2019ensemble de forces de secours qui peuvent reprendre leurs activit\u00e9s.<\/p>\n<p>\u00ab\u00a0On a senti une odeur de br\u00fbl\u00e9 et vu de la fum\u00e9e noire\u00a0\u00bb<\/p>\n<p class=\" wall-content\">Devant le commerce, les deux employ\u00e9s, boulanger et p\u00e2tissi\u00e8re, qui avaient commenc\u00e9 leur journ\u00e9e vers 3h du matin, expliquent ce qu\u2019il s\u2019est pass\u00e9 : \u00ab\u00a0On a senti une odeur de br\u00fbl\u00e9 qui \u00e9tait de plus en plus forte. Puis, on a vu de la fum\u00e9e <strong>au niveau de l\u2019armoire r\u00e9frig\u00e9r\u00e9e o\u00f9 sont expos\u00e9es les p\u00e2tisseries<\/strong>. Elles \u00e9taient toutes d\u00e9j\u00e0 en vitrine, pr\u00eates \u00e0 \u00eatre vendues. Alors, on les a vite retir\u00e9es.\u00a0\u00bb<\/p>\n<blockquote class=\"ac-article-quote wall-content\">\n<p>La fum\u00e9e noire, tr\u00e8s intense, s&rsquo;est propag\u00e9e dans tout le local. Puis, on a vu des flammes et avons appel\u00e9 les pompiers avant de sortir de la boulangerie en les attendant.<\/p>\n<p>    <strong>Employ\u00e9s de la boulangerie Aux d\u00e9lices Sam<\/strong><br \/>\n        Victime d&rsquo;un d\u00e9part de feu    <\/p><\/blockquote>\n<p class=\" wall-content\">Si les <strong>p\u00e2tisseries<\/strong> ont donc pu \u00eatre <strong>sauv\u00e9es<\/strong>, le <strong>pain<\/strong> qui \u00e9tait en <strong>pleine pr\u00e9paration<\/strong> a lui subi les cons\u00e9quences du feu : <strong>\u00ab\u00a0Avec l\u2019odeur de br\u00fbl\u00e9, il est foutu<\/strong>. Il va falloir maintenant ranger, nettoyer et pr\u00e9parer la suite.\u00a0\u00bb<\/p>\n<p class=\" wall-content\">Suivez toute l\u2019actualit\u00e9 de vos villes et m\u00e9dias favoris en vous inscrivant \u00e0 <a href=\"https:\/\/moncompte.actu.fr\" title=\"D\u00e9couvez Mon Actu\" rel=\"nofollow noopener\" data-trk=\"{&quot;cta&quot;:{&quot;action&quot;:&quot;https:\\\/\\\/moncompte.actu.fr&quot;,&quot;category&quot;:&quot;mon compte&quot;,&quot;from&quot;:&quot;article footer&quot;,&quot;name&quot;:&quot;Mon actu&quot;,&quot;type&quot;:&quot;cta&quot;}}\" target=\"_blank\">Mon Actu<\/a>.<\/p>\n","protected":false},"excerpt":{"rendered":"Par Brian Le Goff Publi\u00e9 le 12 juin 2025 \u00e0 6h08 Il \u00e9tait 5h30 quand ils ont \u00e9t\u00e9&hellip;\n","protected":false},"author":2,"featured_media":170127,"comment_status":"","ping_status":"","sticky":false,"template":"","format":"standard","meta":{"footnotes":""},"categories":[2821],"tags":[1111,11,829,1777,674,118,1011,27,1310,12,1311,584,25],"class_list":{"0":"post-170126","1":"post","2":"type-post","3":"status-publish","4":"format-standard","5":"has-post-thumbnail","7":"category-rennes","8":"tag-actu","9":"tag-actualites","10":"tag-bretagne","11":"tag-eu","12":"tag-europe","13":"tag-faits-divers","14":"tag-fr","15":"tag-france","16":"tag-incendie","17":"tag-news","18":"tag-pompiers","19":"tag-rennes","20":"tag-republique-francaise"},"share_on_mastodon":{"url":"https:\/\/pubeurope.com\/@fr\/114668981677466569","error":""},"_links":{"self":[{"href":"https:\/\/www.europesays.com\/fr\/wp-json\/wp\/v2\/posts\/170126","targetHints":{"allow":["GET"]}}],"collection":[{"href":"https:\/\/www.europesays.com\/fr\/wp-json\/wp\/v2\/posts"}],"about":[{"href":"https:\/\/www.europesays.com\/fr\/wp-json\/wp\/v2\/types\/post"}],"author":[{"embeddable":true,"href":"https:\/\/www.europesays.com\/fr\/wp-json\/wp\/v2\/users\/2"}],"replies":[{"embeddable":true,"href":"https:\/\/www.europesays.com\/fr\/wp-json\/wp\/v2\/comments?post=170126"}],"version-history":[{"count":0,"href":"https:\/\/www.europesays.com\/fr\/wp-json\/wp\/v2\/posts\/170126\/revisions"}],"wp:featuredmedia":[{"embeddable":true,"href":"https:\/\/www.europesays.com\/fr\/wp-json\/wp\/v2\/media\/170127"}],"wp:attachment":[{"href":"https:\/\/www.europesays.com\/fr\/wp-json\/wp\/v2\/media?parent=170126"}],"wp:term":[{"taxonomy":"category","embeddable":true,"href":"https:\/\/www.europesays.com\/fr\/wp-json\/wp\/v2\/categories?post=170126"},{"taxonomy":"post_tag","embeddable":true,"href":"https:\/\/www.europesays.com\/fr\/wp-json\/wp\/v2\/tags?post=170126"}],"curies":[{"name":"wp","href":"https:\/\/api.w.org\/{rel}","templated":true}]}}