{"id":170130,"date":"2025-06-12T06:30:18","date_gmt":"2025-06-12T06:30:18","guid":{"rendered":"https:\/\/www.europesays.com\/fr\/170130\/"},"modified":"2025-06-12T06:30:18","modified_gmt":"2025-06-12T06:30:18","slug":"greve-de-salaries-dikea-a-strasbourg-pour-une-augmentation-des-salaires","status":"publish","type":"post","link":"https:\/\/www.europesays.com\/fr\/170130\/","title":{"rendered":"Gr\u00e8ve de salari\u00e9s d&rsquo;Ikea \u00e0 Strasbourg pour une augmentation des salaires"},"content":{"rendered":"<p class=\"wp-block-post-excerpt__excerpt\">\u00c0 l\u2019appel d\u2019une intersyndicale, une partie des salari\u00e9s du magasin Ikea de Cronenbourg se sont mis en gr\u00e8ve mercredi 11 juin. Ils protestent contre la stagnation de leurs salaires en 2025, d\u00e9cid\u00e9e par la direction. <\/p>\n<p class=\"font-sans\">\n\t\t\tCet article est en acc\u00e8s libre. Pour soutenir Rue89 Strasbourg,<br \/>\n\t\t\t<a class=\"underline\" href=\"https:\/\/www.rue89strasbourg.com\/abonnement\" target=\"_blank\" rel=\"noopener\">abonnez-vous<\/a>.\n\t\t<\/p>\n<p>Anis Foucard<\/p>\n<p>Publi\u00e9 le 12 juin 2025\u00a0\u00a0\u00b7\u00a0\u00a0<\/p>\n<p>Imprim\u00e9 le 12 juin 2025 \u00e0 08h04\u00a0\u00a0\u00b7\u00a0\u00a0<\/p>\n<p>\t\t\t\t\t1\u00a0minute\n<\/p>\n<p>Une intersyndicale r\u00e9unissant la CGT, la CFDT et FO appelle les salari\u00e9s d\u2019Ikea en France \u00e0 la gr\u00e8ve. Si la mobilisation la plus attendue est celle de Paris, pr\u00e9vue samedi 14 juin, les salari\u00e9s du magasin Ikea de Cronenbourg \u00e0 Strasbourg ont \u00e9t\u00e9 les premiers de France \u00e0 cesser le travail mercredi 11 juin. Selon l\u2019intersyndicale, la moiti\u00e9 des employ\u00e9s qui auraient d\u00fb \u00eatre pr\u00e9sents se sont d\u00e9clar\u00e9s gr\u00e9vistes.<\/p>\n<p>Ce mouvement fait suite \u00e0 la fin des n\u00e9gociations annuelles obligatoires, qui se sont sold\u00e9es par un \u00e9chec selon les syndicats. La direction d\u2019Ikea France n\u2019a accord\u00e9 aucune augmentation collective des salaires et indiqu\u00e9 que la hausse individuelle sera limit\u00e9e \u00e0 1% au maximum. En 2024, l\u2019inflation moyenne en France a \u00e9t\u00e9 de 2% selon l\u2019Insee.<\/p>\n<p>\u00ab\u00a0On se sent m\u00e9pris\u00e9s par une entreprise qui fait des b\u00e9n\u00e9fices. On accepterait ce r\u00e9sultat si la bo\u00eete avait des difficult\u00e9s, mais ce n\u2019est pas le cas\u00a0\u00bb, affirme Guislain Duval, d\u00e9l\u00e9gu\u00e9 intersyndical de la CFDT. En ao\u00fbt 2024, le <a href=\"https:\/\/www.pappers.fr\/entreprise\/meubles-ikea-france-351745724\" target=\"_blank\" rel=\"noreferrer noopener\">chiffre d\u2019affaires annuel d\u2019Ikea France<\/a>, qui emploie plus de 12\u00a0000 personnes, a l\u00e9g\u00e8rement baiss\u00e9 pour s\u2019\u00e9tablir \u00e0 3,7\u00a0milliards d\u2019euros avec un r\u00e9sultat net de 140\u00a0millions d\u2019euros.<\/p>\n<p>D\u2019autres salari\u00e9s, pr\u00e9sents sur le piquet de gr\u00e8ve, mentionnent \u00e9galement des conditions de travail \u00e9prouvantes. \u00ab\u00a0On se retrouve fr\u00e9quemment avec des probl\u00e8mes de dos\u00a0\u00bb, t\u00e9moigne Eva, en \u00e9voquant des troubles musculosquelettiques ou des lombalgies. \u00ab\u00a0Il y a une volont\u00e9 de r\u00e9duire la masse salariale en r\u00e9duisant les heures des nouveaux et en rajoutant des t\u00e2ches aux anciens\u00a0\u00bb, rench\u00e9rit Guislain Duval, en citant \u00e9galement \u00ab\u00a0les changements de plannings intempestifs\u00a0\u00bb et les cons\u00e9quences qui en d\u00e9coulent sur la vie priv\u00e9e des employ\u00e9s.<\/p>\n","protected":false},"excerpt":{"rendered":"\u00c0 l\u2019appel d\u2019une intersyndicale, une partie des salari\u00e9s du magasin Ikea de Cronenbourg se sont mis en gr\u00e8ve&hellip;\n","protected":false},"author":2,"featured_media":170131,"comment_status":"","ping_status":"","sticky":false,"template":"","format":"standard","meta":{"footnotes":""},"categories":[2820],"tags":[1111,11,1777,674,1011,27,775,6151,12,25,640],"class_list":{"0":"post-170130","1":"post","2":"type-post","3":"status-publish","4":"format-standard","5":"has-post-thumbnail","7":"category-strasbourg","8":"tag-actu","9":"tag-actualites","10":"tag-eu","11":"tag-europe","12":"tag-fr","13":"tag-france","14":"tag-grand-est","15":"tag-greve","16":"tag-news","17":"tag-republique-francaise","18":"tag-strasbourg"},"share_on_mastodon":{"url":"https:\/\/pubeurope.com\/@fr\/114668989690705732","error":""},"_links":{"self":[{"href":"https:\/\/www.europesays.com\/fr\/wp-json\/wp\/v2\/posts\/170130","targetHints":{"allow":["GET"]}}],"collection":[{"href":"https:\/\/www.europesays.com\/fr\/wp-json\/wp\/v2\/posts"}],"about":[{"href":"https:\/\/www.europesays.com\/fr\/wp-json\/wp\/v2\/types\/post"}],"author":[{"embeddable":true,"href":"https:\/\/www.europesays.com\/fr\/wp-json\/wp\/v2\/users\/2"}],"replies":[{"embeddable":true,"href":"https:\/\/www.europesays.com\/fr\/wp-json\/wp\/v2\/comments?post=170130"}],"version-history":[{"count":0,"href":"https:\/\/www.europesays.com\/fr\/wp-json\/wp\/v2\/posts\/170130\/revisions"}],"wp:featuredmedia":[{"embeddable":true,"href":"https:\/\/www.europesays.com\/fr\/wp-json\/wp\/v2\/media\/170131"}],"wp:attachment":[{"href":"https:\/\/www.europesays.com\/fr\/wp-json\/wp\/v2\/media?parent=170130"}],"wp:term":[{"taxonomy":"category","embeddable":true,"href":"https:\/\/www.europesays.com\/fr\/wp-json\/wp\/v2\/categories?post=170130"},{"taxonomy":"post_tag","embeddable":true,"href":"https:\/\/www.europesays.com\/fr\/wp-json\/wp\/v2\/tags?post=170130"}],"curies":[{"name":"wp","href":"https:\/\/api.w.org\/{rel}","templated":true}]}}