{"id":170150,"date":"2025-06-12T06:40:12","date_gmt":"2025-06-12T06:40:12","guid":{"rendered":"https:\/\/www.europesays.com\/fr\/170150\/"},"modified":"2025-06-12T06:40:12","modified_gmt":"2025-06-12T06:40:12","slug":"a-lambersart-un-exemple-du-boom-des-patronages-en-france","status":"publish","type":"post","link":"https:\/\/www.europesays.com\/fr\/170150\/","title":{"rendered":"\u00e0 Lambersart, un exemple du boom des \u00ab\u00a0patronages\u00a0\u00bb en France"},"content":{"rendered":"<p>            Par<br \/>\n        <strong><br \/>\n            <a href=\"https:\/\/actu.fr\/auteur\/annesophie-2\" title=\"Consulter tous les articles de Anne-Sophie Hourdeaux\" rel=\"nofollow noopener\" target=\"_blank\">Anne-Sophie Hourdeaux<\/a><br \/>\n        <\/strong><\/p>\n<p>        Publi\u00e9 le<\/p>\n<p>            12 juin 2025 \u00e0 7h42        <\/p>\n<p><b>Des enfants qui jouent,<\/b> dessinent, chantent, prennent le go\u00fbter, cuisinent\u2026 On pourrait croire que c\u2019est un centre a\u00e9r\u00e9, mais il y a une particularit\u00e9 : des r\u00e9f\u00e9rences cathos et un temps de pri\u00e8re. Voici <b>le boom des patronages de France.<\/b> La formule fait penser au temps pass\u00e9, mais elle redevient \u00e0 la mode ! <b>Exemple \u00e0 <a href=\"https:\/\/actu.fr\/hauts-de-france\/lambersart_59328\" rel=\"nofollow noopener\" target=\"_blank\">Lambersart<\/a> (Nord), dont \u00ab\u00a0le patronage du clocher\u00a0\u00bb existe depuis un an.<\/b> Il pr\u00e9pare d\u00e9j\u00e0 la rentr\u00e9e avec des nouveaut\u00e9s !<\/p>\n<p>20 enfants de 6-11 ans<\/p>\n<p class=\" wall-content\">\u00c0 Lambersart, la paroisse s\u2019est lanc\u00e9e autour du p\u00e8re Xavier Behaegel en 2024. \u00ab Depuis septembre dernier, nous accueillons 20 enfants de 6 \u00e0 11 ans une fois par semaine, le mardi hors vacances scolaires, de 16 h 30 \u00e0 19 h \u00bb, signale Marl\u00e8ne Bigo, responsable du \u00ab patro \u00bb. Au programme : jeux, go\u00fbter, temps spirituel, aide aux devoirs et activit\u00e9s manuelles. \u00ab\u00a0Nous recevons aussi des intervenants qui nous partagent leur m\u00e9tier, leur passion. Cette ann\u00e9e, les enfants ont rencontr\u00e9 une herboriste, un maroquinier, un menuisier, une peintre, le pr\u00e9sident du club d\u2019\u00e9checs de Lambersart\u2026\u00a0\u00bb, explique-t-elle.<\/p>\n<blockquote class=\"ac-article-quote wall-content\">\n<p>\u00ab\u00a0Le but est que chacun trouve sa place, \u00e9duquer dans la confiance et proposer une vie de fraternit\u00e9. Et on le vit dans l\u2019interg\u00e9n\u00e9rationnel, avec des b\u00e9n\u00e9voles de tous \u00e2ges, c\u2019est le bonheur !\u00a0\u00bb<\/p>\n<p>Marl\u00e8ne Bigo, responsable du patronage \u00e0 Lambersart.<\/p><\/blockquote>\n<p class=\" wall-content\">La responsable donne comme exemple la p\u00e9dagogie de Don Bosco : \u00ab\u00a0Sans affection pas de confiance, sans confiance pas d\u2019\u00e9ducation\u00a0\u00bb.<\/p>\n<p>    <img   decoding=\"async\" loading=\"lazy\" class=\"size-large\" src=\"https:\/\/www.europesays.com\/fr\/wp-content\/uploads\/2025\/06\/02385569d148696385569d1489a385v-960x640.jpg\" alt=\"patronage clocher lambersart\" width=\"960\" height=\"640\"\/><br \/>\n    Marl\u00e8ne Bigo est la responsable du patronage, elle se forme au BAFA. \u00a9AS Hourdeaux\/Croix du NordRenouer avec les familles<\/p>\n<p class=\" wall-content\">Le slogan \u00e0 Lambersart est : \u00ab Ici on joue, ici on prie \u00bb. Mais attention, nous ne sommes pas au cat\u00e9. \u00ab Le temps spirituel n\u2019est pas un enseignement mais un point sur la vie d\u2019un saint ou un \u00e9clairage sur une f\u00eate religieuse \u00bb d\u00e9taille le p\u00e8re Behaegel. \u00ab Il peut aussi y avoir un moment d\u2019int\u00e9riorit\u00e9 autour d\u2019un merci, d\u2019un s\u2019il te pla\u00eet, d\u2019un pardon \u00bb ajoute Marl\u00e8ne Bigo. Pour accompagner les enfants, une trentaine de b\u00e9n\u00e9voles sont mobilis\u00e9s dans l\u2019ann\u00e9e, dont des jeunes. \u00ab 12 coll\u00e9giens et lyc\u00e9ens nous aident, c\u2019est une r\u00e9ussite, une p\u00e9pite pour nous \u00bb.<\/p>\n<p class=\" wall-content\">Le cur\u00e9 de la paroisse, Xavier Behaegel, est pr\u00e9sent \u00e0 chaque rencontre. \u00ab Le patronage est h\u00e9berg\u00e9 dans les locaux paroissiaux, on va souvent vivre le temps spirituel dans l\u2019\u00e9glise qui est coll\u00e9e \u00e0 la salle. Je fais de la lecture, des jeux. C\u2019est davantage un lieu de vie, un \u00e9veil \u00e0 la foi plus qu\u2019un enseignement. C\u2019est une premi\u00e8re approche de l\u2019\u00c9glise. L\u2019id\u00e9e de d\u00e9part \u00e9tait de renouer du lien avec les familles. On est plusieurs \u00e0 s\u2019\u00eatre form\u00e9s \u00e0 Paris avec un incubateur de patronage. Les jeux sont un pr\u00e9texte \u00e0 apprendre la vie de groupe, le vivre ensemble en s\u2019amusant ! \u00bb<\/p>\n<p>    <img   decoding=\"async\" loading=\"lazy\" class=\"size-large\" src=\"https:\/\/www.europesays.com\/fr\/wp-content\/uploads\/2025\/06\/837b1669d1486e77b1669d148eb7b1v-960x640.jpg\" alt=\"patronage clocher lambersart\" width=\"960\" height=\"640\"\/><br \/>\n    Une trentaine de b\u00e9n\u00e9voles aide au patronage du clocher. \u00a9AS Hourdeaux\/Croix du Nord<br \/>\n    <img   decoding=\"async\" loading=\"lazy\" class=\"size-large\" src=\"https:\/\/www.europesays.com\/fr\/wp-content\/uploads\/2025\/06\/32a72669d148676a72669d1486aa72v-960x640.jpg\" alt=\"patronage clocher lambersart\" width=\"960\" height=\"640\"\/><br \/>\n    Les activit\u00e9s manuelles sont nombreuses. \u00a9AS Hourdeaux\/Croix du NordUn lieu ouvert \u00e0 tous, et bient\u00f4t des nouveaut\u00e9s<\/p>\n<p class=\" wall-content\">Pour l\u2019instant, le \u00ab profil \u00bb des familles concern\u00e9es est plut\u00f4t catho int\u00e9gr\u00e9e dans la paroisse, mais l\u2019\u00e9quipe insiste : c\u2019est ouvert \u00e0 tous, m\u00eame aux non-chr\u00e9tiens. Comment \u00e7a ? \u00ab Le temps spirituel que nous proposons est facultatif, pas d\u2019obligation \u00bb pr\u00e9cise encore Marl\u00e8ne Bigo.<\/p>\n<p class=\" wall-content\">Devant ce succ\u00e8s, la formule \u00e9volue pour accueillir plus d\u2019enfants et se professionnaliser. \u00ab Nous proposerons d\u00e8s septembre non pas un rendez-vous mais deux dans la semaine \u00bb annonce la responsable. \u00ab Un sondage a \u00e9t\u00e9 r\u00e9alis\u00e9 dans la paroisse pour conna\u00eetre les attentes. Le mercredi n\u2019\u00e9tait pas une demande, le jeudi apr\u00e8s les cours, oui. \u00bb L\u2019id\u00e9e est de doubler le nombre d\u2019enfants inscrits. \u00ab Selon les inscriptions, certains enfants pourront venir les 2 soirs, on verra \u00bb.<\/p>\n<p class=\" wall-content\">Aussi, est d\u00e9j\u00e0 pr\u00e9vue une semaine compl\u00e8te d\u2019accueil, de 9 h \u00e0 18 h, pendant les vacances de f\u00e9vrier\u00a02026. Pour accompagner ce d\u00e9veloppement, Marl\u00e8ne est en train de passer le BAFA et sans doute apr\u00e8s le BAFD, formation n\u00e9cessaire quand on encadre des s\u00e9jours enfants. Elle deviendra alors salari\u00e9e du projet.<\/p>\n<p class=\" wall-content\">Une association loi 1901, c\u2019est-\u00e0-dire non confessionnelle, a \u00e9t\u00e9 cr\u00e9\u00e9e, ALBA pour \u00ab association lambersartoise bienveillante et apprenante \u00bb. Cela permettra aux familles de b\u00e9n\u00e9ficier d\u2019aides de la CAF par exemple.<\/p>\n<p>Place du Nouveau Canteleu, \u00e0 c\u00f4t\u00e9 de l\u2019\u00e9glise de la\u00a0Trinit\u00e9. Tarif : 40\u00a0\u20ac l\u2019ann\u00e9e. Infos : 06 22 25 42 06 ; <a href=\"https:\/\/actu.fr\/cdn-cgi\/l\/email-protection\" class=\"__cf_email__\" data-cfemail=\"42322336302d2c2325276c2e232f2027303123303602252f232b2e6c212d2f\" rel=\"nofollow noopener\" target=\"_blank\">[email\u00a0protected]<\/a><\/p>\n<p class=\" wall-content\">Suivez toute l\u2019actualit\u00e9 de vos villes et m\u00e9dias favoris en vous inscrivant \u00e0 <a href=\"https:\/\/moncompte.actu.fr\" title=\"D\u00e9couvez Mon Actu\" rel=\"nofollow noopener\" data-trk=\"{&quot;cta&quot;:{&quot;action&quot;:&quot;https:\\\/\\\/moncompte.actu.fr&quot;,&quot;category&quot;:&quot;mon compte&quot;,&quot;from&quot;:&quot;article footer&quot;,&quot;name&quot;:&quot;Mon actu&quot;,&quot;type&quot;:&quot;cta&quot;}}\" target=\"_blank\">Mon Actu<\/a>.<\/p>\n","protected":false},"excerpt":{"rendered":"Par Anne-Sophie Hourdeaux Publi\u00e9 le 12 juin 2025 \u00e0 7h42 Des enfants qui jouent, dessinent, chantent, prennent le&hellip;\n","protected":false},"author":2,"featured_media":170151,"comment_status":"","ping_status":"","sticky":false,"template":"","format":"standard","meta":{"footnotes":""},"categories":[2815],"tags":[1111,11,1719,1777,674,1011,27,811,1307,12,4020,25,104],"class_list":{"0":"post-170150","1":"post","2":"type-post","3":"status-publish","4":"format-standard","5":"has-post-thumbnail","7":"category-lille","8":"tag-actu","9":"tag-actualites","10":"tag-enfants","11":"tag-eu","12":"tag-europe","13":"tag-fr","14":"tag-france","15":"tag-hauts-de-france","16":"tag-lille","17":"tag-news","18":"tag-religion","19":"tag-republique-francaise","20":"tag-societe"},"share_on_mastodon":{"url":"https:\/\/pubeurope.com\/@fr\/114669028935455116","error":""},"_links":{"self":[{"href":"https:\/\/www.europesays.com\/fr\/wp-json\/wp\/v2\/posts\/170150","targetHints":{"allow":["GET"]}}],"collection":[{"href":"https:\/\/www.europesays.com\/fr\/wp-json\/wp\/v2\/posts"}],"about":[{"href":"https:\/\/www.europesays.com\/fr\/wp-json\/wp\/v2\/types\/post"}],"author":[{"embeddable":true,"href":"https:\/\/www.europesays.com\/fr\/wp-json\/wp\/v2\/users\/2"}],"replies":[{"embeddable":true,"href":"https:\/\/www.europesays.com\/fr\/wp-json\/wp\/v2\/comments?post=170150"}],"version-history":[{"count":0,"href":"https:\/\/www.europesays.com\/fr\/wp-json\/wp\/v2\/posts\/170150\/revisions"}],"wp:featuredmedia":[{"embeddable":true,"href":"https:\/\/www.europesays.com\/fr\/wp-json\/wp\/v2\/media\/170151"}],"wp:attachment":[{"href":"https:\/\/www.europesays.com\/fr\/wp-json\/wp\/v2\/media?parent=170150"}],"wp:term":[{"taxonomy":"category","embeddable":true,"href":"https:\/\/www.europesays.com\/fr\/wp-json\/wp\/v2\/categories?post=170150"},{"taxonomy":"post_tag","embeddable":true,"href":"https:\/\/www.europesays.com\/fr\/wp-json\/wp\/v2\/tags?post=170150"}],"curies":[{"name":"wp","href":"https:\/\/api.w.org\/{rel}","templated":true}]}}