{"id":170154,"date":"2025-06-12T06:42:10","date_gmt":"2025-06-12T06:42:10","guid":{"rendered":"https:\/\/www.europesays.com\/fr\/170154\/"},"modified":"2025-06-12T06:42:10","modified_gmt":"2025-06-12T06:42:10","slug":"trois-nouvelles-classes-aux-fabriques-a-la-rentree","status":"publish","type":"post","link":"https:\/\/www.europesays.com\/fr\/170154\/","title":{"rendered":"trois nouvelles classes aux Fabriques \u00e0 la rentr\u00e9e"},"content":{"rendered":"<p>Des ann\u00e9es que les habitants du quartier attendaient \u00e7a. L\u2019\u00e9cole des <a href=\"https:\/\/www.laprovence.com\/article\/region\/1141214593912215\/on-nous-a-vendu-du-reve-dans-les-quartiers-des-fabriques-et-de-smartseille-le-desenchantement-des-habitants\" target=\"_blank\" rel=\"noopener\">Fabriques<\/a>, dans le 15e arrondissement de <a href=\"https:\/\/www.laprovence.com\/bouches-du-rhone\/marseille-13055\" target=\"_blank\" rel=\"noopener\">Marseille<\/a>, situ\u00e9e pr\u00e8s de la nouvelle r\u00e9sidence du m\u00eame nom entre Bougainville et G\u00e8ze, est ouverte aux \u00e9l\u00e8ves depuis janvier, mais elle a enfin re\u00e7u sa plaque inaugurale mercredi 11\u00a0juin apr\u00e8s-midi.<\/p>\n<p>Construite &#8211; pour 18\u00a0600\u00a0000\u00a0euros &#8211; en hauteur, avec 3\u00a0320\u00a0m\u00b2 de surface int\u00e9rieure et 2\u00a0400\u00a0m\u00b2 \u00e0 l\u2019ext\u00e9rieur, cette nouvelle \u00e9cole est b\u00e2tie sur le m\u00eame mod\u00e8le que les autres \u00e9tablissements du Plan \u00e9coles <a href=\"https:\/\/www.laprovence.com\/article\/region\/2948888056136914\/marseille-lecole-melinee-et-missak-manouchian-nouveau-coeur-de-quartier-a-la-capelette\" target=\"_blank\" rel=\"noopener\">inaugur\u00e9s ces derni\u00e8res semaines<\/a>. Du bois, de la pierre pour isoler, des espaces verts, un terrain de sport, des grands r\u00e9fectoires, une m\u00e9diath\u00e8que\u00a0: c\u2019est la recette pour les <a href=\"https:\/\/www.laprovence.com\/article\/region\/1710027827009115\/a-marseille-dans-le-quartier-des-fabriques-ces-habitants-se-chauffent-desormais-a-l-eau-de-mer\" target=\"_blank\" rel=\"noopener\">Fabriques<\/a>, promise depuis\u00a02019 avec la construction d\u2019<a href=\"https:\/\/www.laprovence.com\/article\/economie\/76064138675119\/le-projet-d-amenagement-urbain-euromed-a-marseille-s-expose-pour-ses-30-ans\" target=\"_blank\" rel=\"noopener\">Euromed<\/a> 2 tout autour.<\/p>\n<p>\u00ab\u00a0Ce projet a pris du temps, mais c\u2019est une grande r\u00e9ussite pour ce quartier en reconstruction. Nous avons besoin d\u2019\u00e9coles fonctionnelles o\u00f9 les enfants pourront grandir\u00a0\u00bb, explique Pierre-Marie Ganozzi, adjoint (PM) aux \u00e9coles. \u00ab\u00a0Une \u00e9cole de qualit\u00e9, c\u2019est le premier crit\u00e8re que les parents regardent avant de s\u2019installer. Avec celle-ci, on donne de l\u2019espoir et on tire le quartier vers le haut\u00a0\u00bb, estime aussi la maire adjointe Samia Ghali (DVG).<\/p>\n","protected":false},"excerpt":{"rendered":"Des ann\u00e9es que les habitants du quartier attendaient \u00e7a. L\u2019\u00e9cole des Fabriques, dans le 15e arrondissement de Marseille,&hellip;\n","protected":false},"author":2,"featured_media":170155,"comment_status":"","ping_status":"","sticky":false,"template":"","format":"standard","meta":{"footnotes":""},"categories":[2814],"tags":[17,1111,11,1007,9637,4019,1777,674,1011,27,884,12,1113,5355,882,16,25,1100],"class_list":{"0":"post-170154","1":"post","2":"type-post","3":"status-publish","4":"format-standard","5":"has-post-thumbnail","7":"category-marseille","8":"tag-17","9":"tag-actu","10":"tag-actualites","11":"tag-aux","12":"tag-classes","13":"tag-ecoles","14":"tag-eu","15":"tag-europe","16":"tag-fr","17":"tag-france","18":"tag-marseille","19":"tag-news","20":"tag-nouvelles","21":"tag-plan","22":"tag-provence-alpes-cote-dazur","23":"tag-region","24":"tag-republique-francaise","25":"tag-trois"},"share_on_mastodon":{"url":"https:\/\/pubeurope.com\/@fr\/114669036753688216","error":""},"_links":{"self":[{"href":"https:\/\/www.europesays.com\/fr\/wp-json\/wp\/v2\/posts\/170154","targetHints":{"allow":["GET"]}}],"collection":[{"href":"https:\/\/www.europesays.com\/fr\/wp-json\/wp\/v2\/posts"}],"about":[{"href":"https:\/\/www.europesays.com\/fr\/wp-json\/wp\/v2\/types\/post"}],"author":[{"embeddable":true,"href":"https:\/\/www.europesays.com\/fr\/wp-json\/wp\/v2\/users\/2"}],"replies":[{"embeddable":true,"href":"https:\/\/www.europesays.com\/fr\/wp-json\/wp\/v2\/comments?post=170154"}],"version-history":[{"count":0,"href":"https:\/\/www.europesays.com\/fr\/wp-json\/wp\/v2\/posts\/170154\/revisions"}],"wp:featuredmedia":[{"embeddable":true,"href":"https:\/\/www.europesays.com\/fr\/wp-json\/wp\/v2\/media\/170155"}],"wp:attachment":[{"href":"https:\/\/www.europesays.com\/fr\/wp-json\/wp\/v2\/media?parent=170154"}],"wp:term":[{"taxonomy":"category","embeddable":true,"href":"https:\/\/www.europesays.com\/fr\/wp-json\/wp\/v2\/categories?post=170154"},{"taxonomy":"post_tag","embeddable":true,"href":"https:\/\/www.europesays.com\/fr\/wp-json\/wp\/v2\/tags?post=170154"}],"curies":[{"name":"wp","href":"https:\/\/api.w.org\/{rel}","templated":true}]}}