{"id":170160,"date":"2025-06-12T06:45:15","date_gmt":"2025-06-12T06:45:15","guid":{"rendered":"https:\/\/www.europesays.com\/fr\/170160\/"},"modified":"2025-06-12T06:45:15","modified_gmt":"2025-06-12T06:45:15","slug":"des-soupcons-de-viol-entre-eleves-dans-une-ecole-primaire-de-la-banlieue-de-lyon","status":"publish","type":"post","link":"https:\/\/www.europesays.com\/fr\/170160\/","title":{"rendered":"des soup\u00e7ons de viol entre \u00e9l\u00e8ves dans une \u00e9cole primaire de la banlieue de Lyon"},"content":{"rendered":"<p>La m\u00e8re d\u2019un \u00e9l\u00e8ve de CP a d\u00e9pos\u00e9 plainte pour un viol commis \u00e0 l\u2019encontre de son fils par un enfant de CM1 au cours de l\u2019hiver dans une \u00e9cole de Vaulx-en-Velin. La proc\u00e9dure a \u00e9t\u00e9 class\u00e9e par le parquet de Lyon mais le doute subsiste chez les parents.<\/p>\n<p class=\"fig-paragraph\">L\u2019affaire n\u2019est connue que d\u2019une poign\u00e9e de parents et la direction de l\u2019\u00e9cole entend bien qu\u2019elle le demeure. Plusieurs t\u00e9moignages concordants indiquent qu\u2019un enfant de CP aurait \u00e9t\u00e9 victime de viol de la part d\u2019un \u00e9l\u00e8ve de CM1 dans une \u00e9cole de la commune de\u00a0<a href=\"http:\/\/www.lefigaro.fr\/lyon\/une-guerre-de-gangs-a-vaulx-en-velin-les-habitants-desempares-face-a-la-violence-des-dealers-apres-une-fusillade-devant-une-ecole-20250408\" data-fig-type=\"NewsFlash\" data-gtm-custom-categorie=\"navigation\" data-gtm-custom-action=\"crossclick\" data-gtm-custom-label=\"Contextuel\" data-gtm-event=\"customEventSPE\" data-fig-domain=\"LEFIGARO\" rel=\"nofollow noopener\" target=\"_blank\">Vaulx-en-Velin<\/a>\u00a0&#8211; dont nous avons choisi de ne pas r\u00e9v\u00e9ler le nom pour prot\u00e9ger les \u00e9coliers. L\u2019affaire remonte \u00e0 la toute fin du mois de janvier. Si la proc\u00e9dure a \u00e9t\u00e9 class\u00e9e sans suite par le parquet de\u00a0<a href=\"http:\/\/www.lefigaro.fr\/lyon\/un-coran-vole-et-brule-dans-une-mosquee-pres-de-lyon-une-enquete-ouverte-20250603\" data-fig-type=\"NewsFlash\" data-gtm-custom-categorie=\"navigation\" data-gtm-custom-action=\"crossclick\" data-gtm-custom-label=\"Contextuel\" data-gtm-event=\"customEventSPE\" data-fig-domain=\"LEFIGARO\" rel=\"nofollow noopener\" target=\"_blank\">Lyon<\/a>, la r\u00e9alit\u00e9 des faits ne fait pas de doute pour plusieurs parents d\u2019\u00e9l\u00e8ves, dont certains \u00e9lus repr\u00e9sentants, interrog\u00e9s par Le Figaro. Ils pr\u00e9cisent que des faits d\u2019agression sexuelle entre \u00e9l\u00e8ves avaient d\u00e9j\u00e0 \u00e9t\u00e9 signal\u00e9s l\u2019an dernier.<\/p>\n<p class=\"fig-paragraph\">Cette fois, l\u2019affaire a \u00e9t\u00e9 suffisamment prise au s\u00e9rieux pour que l\u2019inspecteur de zone se d\u00e9place dans l\u2019\u00e9tablissement au c\u0153ur de l\u2019hiver lyonnais. Selon nos informations, il y aurait eu une premi\u00e8re alerte les mois pr\u00e9c\u00e9dents sur le temps de centre a\u00e9r\u00e9 du mercredi apr\u00e8s-midi. \u00abLe plus grand aurait touch\u00e9 le zizi du plus petit\u00bb, pr\u00e9cise un p\u00e8re de famille. Le rectorat nous indique avoir mis en place un syst\u00e8me de flux pour \u00e9viter que les deux enfants concern\u00e9s ne se croisent au quotidien, et assure de son implication. De son c\u00f4t\u00e9, la mairie a re\u00e7u certains parents \u00e0 leur demande. \u00abMais comme les faits ne se sont pas produits sur le temps p\u00e9riscolaire nous ne pouvons faire plus\u00bb, glisse une source proche de la maire,\u00a0<a href=\"http:\/\/www.lefigaro.fr\/politique\/congres-ps-helene-geoffroy-denonce-une-direction-lfi-see-20221106\" data-fig-type=\"NewsFlash\" data-gtm-custom-categorie=\"navigation\" data-gtm-custom-action=\"crossclick\" data-gtm-custom-label=\"Contextuel\" data-gtm-event=\"customEventSPE\" data-fig-domain=\"LEFIGARO\" rel=\"nofollow noopener\" target=\"_blank\">H\u00e9l\u00e8ne Geoffroy<\/a>\u00a0(PS).<\/p>\n<p>\u00abOn reste inquiets\u00bb<\/p>\n<p class=\"fig-paragraph\">La m\u00e8re du gar\u00e7on pr\u00e9sum\u00e9 victime a d\u00e9pos\u00e9 plainte au tout d\u00e9but du mois de f\u00e9vrier apr\u00e8s une consultation aux urgences. Un signalement a \u00e9galement \u00e9t\u00e9 effectu\u00e9 de la part de la direction de l\u2019\u00e9cole au procureur de la R\u00e9publique sur la base de l\u2019article 40 du code de proc\u00e9dure p\u00e9nale. Le parquet a confirm\u00e9 au Figaro le classement sans suite de la proc\u00e9dure pour \u00abinfraction insuffisamment caract\u00e9ris\u00e9e\u00bb. \u00abC\u2019est compliqu\u00e9 parce qu\u2019on se base seulement sur les dires de l\u2019enfant\u00bb, explique un proche du dossier.<\/p>\n<p class=\"fig-paragraph\">\u00abLes mesures de protection ont \u00e9t\u00e9 lev\u00e9es, cela m\u2019a d\u00e9rang\u00e9 parce que l\u2019affaire a peut-\u00eatre \u00e9t\u00e9 class\u00e9e mais ce n\u2019est pas pour cela qu\u2019il ne s\u2019est rien pass\u00e9\u00bb. Plusieurs parents d\u2019\u00e9l\u00e8ves estiment que l\u2019affaire a \u00e9t\u00e9 \u00abprise \u00e0 la l\u00e9g\u00e8re\u00bb et tue par la direction. \u00abIl n\u2019y a pas eu d\u2019intervention de psychologue\u00bb, regrette ainsi un p\u00e8re de famille. \u00abOn reste inquiets parce que le n\u00e9cessaire n\u2019a pas \u00e9t\u00e9 fait correctement\u00bb, abonde une m\u00e8re estimant que ses enfants \u00abne sont pas en s\u00e9curit\u00e9\u00bb.<\/p>\n<p class=\"fig-body-link\">\n            \u00c0 lire aussi<br \/>\n        <a class=\"fig-body-link__link\" href=\"http:\/\/www.lefigaro.fr\/lyon\/villeurbanne-un-atsem-soupconne-d-agressions-sexuelles-en-maternelle-reaffecte-dans-une-autre-ecole-apres-sa-suspension-20250224\" data-fig-type=\"NewsFlash\" data-gtm-custom-categorie=\"navigation\" data-gtm-custom-action=\"crossclick\" data-gtm-custom-label=\"Contextuel\" data-gtm-event=\"customEventSPE\" data-fig-domain=\"LEFIGARO\" rel=\"nofollow noopener\" target=\"_blank\">Villeurbanne: un Atsem soup\u00e7onn\u00e9 d\u2019agressions sexuelles en maternelle r\u00e9affect\u00e9 dans une autre \u00e9cole apr\u00e8s sa suspension<br \/>\n    <\/a>\n<\/p>\n<p class=\"fig-paragraph\">\u00abAu contraire il y a eu un travail de sape en pr\u00e9sentant la maman qui a d\u00e9pos\u00e9 plainte comme peu fiable, ayant l\u2019habitude de mentir et virulente contre l\u2019\u00e9cole, ajoute cette m\u00e8re qui n\u2019a pas voulu m\u00e9diatiser l\u2019affaire pour autant par \u00e9gard pour les enfants. On nous a dit que vouloir parler de l\u2019affaire c\u2019\u00e9tait entraver la justice\u00bb.<\/p>\n<p class=\"fig-paragraph\">M\u00eame les repr\u00e9sentants de parents d\u2019\u00e9l\u00e8ves n\u2019ont pas sp\u00e9cialement \u00e9t\u00e9 tenus inform\u00e9s. \u00abOn voulait aider, ce ne sont que des enfants, poursuit ce p\u00e8re. On ne sait pas qui est le gar\u00e7on de CM1, mais s\u2019il commet ce genre d\u2019acte il se trouve peut-\u00eatre lui-m\u00eame en difficult\u00e9. On aimerait que l\u2019\u00c9ducation nationale se saisisse de ce probl\u00e8me qui est r\u00e9current\u00bb.<\/p>\n","protected":false},"excerpt":{"rendered":"La m\u00e8re d\u2019un \u00e9l\u00e8ve de CP a d\u00e9pos\u00e9 plainte pour un viol commis \u00e0 l\u2019encontre de son fils&hellip;\n","protected":false},"author":2,"featured_media":170161,"comment_status":"","ping_status":"","sticky":false,"template":"","format":"standard","meta":{"footnotes":""},"categories":[1889],"tags":[1111,11,1401,5273,2430,5299,5272,5312,5296,5285,1122,1777,674,5293,1011,27,5303,5311,5301,5279,5275,5313,5276,5300,5302,5280,5298,5281,5306,5305,5308,5309,5284,5294,5297,5269,5271,5268,5270,5267,2428,5295,5307,5277,5304,5283,12,978,5274,25,2431,5314,5288,5292,5289,5291,5290,5315,5282,5286,5310,5287,1265,5278],"class_list":{"0":"post-170160","1":"post","2":"type-post","3":"status-publish","4":"format-standard","5":"has-post-thumbnail","7":"category-lyon","8":"tag-actu","9":"tag-actualites","10":"tag-agressions-sexuelles","11":"tag-ainay","12":"tag-auvergne-rhone-alpes","13":"tag-bellecombe","14":"tag-bellecour","15":"tag-champvert-nord","16":"tag-champvert-sud","17":"tag-clos-jouve","18":"tag-ecole","19":"tag-eu","20":"tag-europe","21":"tag-fourviere","22":"tag-fr","23":"tag-france","24":"tag-gerland","25":"tag-gorge-de-loup","26":"tag-jean-mace","27":"tag-la-buire","28":"tag-la-confluence","29":"tag-la-duchere","30":"tag-la-guillotiere-nord-prefecture","31":"tag-la-guillotiere-sud","32":"tag-la-mouche","33":"tag-la-part-dieu","34":"tag-la-tete-dor","35":"tag-la-villette","36":"tag-laennec","37":"tag-le-bachut","38":"tag-le-grand-trou","39":"tag-le-moulin-a-vent","40":"tag-le-plateau-de-la-croix-rousse","41":"tag-le-point-du-jour","42":"tag-les-brotteaux","43":"tag-les-chartreux","44":"tag-les-cordeliers","45":"tag-les-pentes-de-la-croix-rousse","46":"tag-les-terreaux","47":"tag-les-traboules","48":"tag-lyon","49":"tag-menival","50":"tag-mermoz","51":"tag-moncey","52":"tag-monplaisir","53":"tag-montchat","54":"tag-news","55":"tag-olympique-lyonnais","56":"tag-perrache","57":"tag-republique-francaise","58":"tag-rhone-alpes","59":"tag-rochecardon-industrie","60":"tag-saint-georges","61":"tag-saint-irenee","62":"tag-saint-jean","63":"tag-saint-just","64":"tag-saint-paul","65":"tag-saint-rambert-lile-barbe","66":"tag-sans-souci-dauphine","67":"tag-serin-saint-charles","68":"tag-vaise","69":"tag-vieux-lyon","70":"tag-viol","71":"tag-voltaire"},"share_on_mastodon":{"url":"","error":"Validation failed: Text character limit of 500 exceeded"},"_links":{"self":[{"href":"https:\/\/www.europesays.com\/fr\/wp-json\/wp\/v2\/posts\/170160","targetHints":{"allow":["GET"]}}],"collection":[{"href":"https:\/\/www.europesays.com\/fr\/wp-json\/wp\/v2\/posts"}],"about":[{"href":"https:\/\/www.europesays.com\/fr\/wp-json\/wp\/v2\/types\/post"}],"author":[{"embeddable":true,"href":"https:\/\/www.europesays.com\/fr\/wp-json\/wp\/v2\/users\/2"}],"replies":[{"embeddable":true,"href":"https:\/\/www.europesays.com\/fr\/wp-json\/wp\/v2\/comments?post=170160"}],"version-history":[{"count":0,"href":"https:\/\/www.europesays.com\/fr\/wp-json\/wp\/v2\/posts\/170160\/revisions"}],"wp:featuredmedia":[{"embeddable":true,"href":"https:\/\/www.europesays.com\/fr\/wp-json\/wp\/v2\/media\/170161"}],"wp:attachment":[{"href":"https:\/\/www.europesays.com\/fr\/wp-json\/wp\/v2\/media?parent=170160"}],"wp:term":[{"taxonomy":"category","embeddable":true,"href":"https:\/\/www.europesays.com\/fr\/wp-json\/wp\/v2\/categories?post=170160"},{"taxonomy":"post_tag","embeddable":true,"href":"https:\/\/www.europesays.com\/fr\/wp-json\/wp\/v2\/tags?post=170160"}],"curies":[{"name":"wp","href":"https:\/\/api.w.org\/{rel}","templated":true}]}}