{"id":170162,"date":"2025-06-12T06:46:13","date_gmt":"2025-06-12T06:46:13","guid":{"rendered":"https:\/\/www.europesays.com\/fr\/170162\/"},"modified":"2025-06-12T06:46:13","modified_gmt":"2025-06-12T06:46:13","slug":"les-bouchons-depassent-la-moyenne","status":"publish","type":"post","link":"https:\/\/www.europesays.com\/fr\/170162\/","title":{"rendered":"les bouchons d\u00e9passent la moyenne"},"content":{"rendered":"<p>            Par<br \/>\n        <strong><br \/>\n            <a href=\"https:\/\/actu.fr\/auteur\/redaction-paris\" title=\"Consulter tous les articles de R\u00e9daction Paris\" rel=\"nofollow noopener\" target=\"_blank\">R\u00e9daction Paris<\/a><br \/>\n        <\/strong><\/p>\n<p>        Publi\u00e9 le<\/p>\n<p>            12 juin 2025 \u00e0 8h29        <\/p>\n<p>Les automobilistes vont devoir prendre leur mal en patience\u2009: le trafic est laborieux ce jeudi 12\u00a0juin 2025 sur les routes de Paris et d\u2019\u00cele-de-France. En ce d\u00e9but de journ\u00e9e, les <strong>embouteillages<\/strong> sont largement au-dessus de la moyenne.<\/p>\n<p>Plusieurs accidents<\/p>\n<p class=\" wall-content\">D\u2019apr\u00e8s Sytadin.fr, les bouchons \u00e0 8h20 atteignent <strong>346 kilom\u00e8tres<\/strong>.\u00a0Si hier, mercredi 11\u00a0juin 2025, <a href=\"https:\/\/actu.fr\/ile-de-france\/paris_75056\/manifestation-des-taxis-a-paris-aeroports-autoroutes-circulation-tres-compliquee-en-ile-de-france_62754607.html\" rel=\"nofollow noopener\" target=\"_blank\">les taxis ont sem\u00e9 la pagaille sur les routes<\/a>, il n\u2019y a pour l\u2019instant pas de mobilisation. Les ralentissements semblent plut\u00f4t dus \u00e0 des accidents\u2009:<\/p>\n<p class=\" wall-content\">\u2013 Sur l\u2019<a href=\"https:\/\/actu.fr\/tag\/autoroute-13-a13\" rel=\"nofollow noopener\" target=\"_blank\">A13<\/a> vers Paris (Rocquencourt =\u00a0&gt;\u00a0P.Auteuil) \u00e0 hauteur de Marne-la-Coquette. Une voiture et une moto sont impliqu\u00e9es et Deux des trois voies sont bloqu\u00e9es.<\/p>\n<p class=\" wall-content\">\u2013 Sur l\u2019<a href=\"https:\/\/actu.fr\/tag\/autoroute-3-a3\" rel=\"nofollow noopener\" target=\"_blank\">A3<\/a> vers Paris (Aulnay-Garonor =\u00a0&gt;\u00a0Bondy) \u00e0 hauteur de Bondy. Un v\u00e9hicule l\u00e9ger et un poids lourd sont en cause.<\/p>\n<p class=\" wall-content\">Suivez toute l\u2019actualit\u00e9 de vos villes et m\u00e9dias favoris en vous inscrivant \u00e0 <a href=\"https:\/\/moncompte.actu.fr\" title=\"D\u00e9couvez Mon Actu\" rel=\"nofollow noopener\" data-trk=\"{&quot;cta&quot;:{&quot;action&quot;:&quot;https:\\\/\\\/moncompte.actu.fr&quot;,&quot;category&quot;:&quot;mon compte&quot;,&quot;from&quot;:&quot;article footer&quot;,&quot;name&quot;:&quot;Mon actu&quot;,&quot;type&quot;:&quot;cta&quot;}}\" target=\"_blank\">Mon Actu<\/a>.<\/p>\n","protected":false},"excerpt":{"rendered":"Par R\u00e9daction Paris Publi\u00e9 le 12 juin 2025 \u00e0 8h29 Les automobilistes vont devoir prendre leur mal en&hellip;\n","protected":false},"author":2,"featured_media":170163,"comment_status":"","ping_status":"","sticky":false,"template":"","format":"standard","meta":{"footnotes":""},"categories":[1592],"tags":[1111,11,3542,1777,674,1011,27,662,12,626,25,104,2803],"class_list":{"0":"post-170162","1":"post","2":"type-post","3":"status-publish","4":"format-standard","5":"has-post-thumbnail","7":"category-ile-de-france","8":"tag-actu","9":"tag-actualites","10":"tag-circulation","11":"tag-eu","12":"tag-europe","13":"tag-fr","14":"tag-france","15":"tag-ile-de-france","16":"tag-news","17":"tag-paris","18":"tag-republique-francaise","19":"tag-societe","20":"tag-transport"},"share_on_mastodon":{"url":"https:\/\/pubeurope.com\/@fr\/114669052499627023","error":""},"_links":{"self":[{"href":"https:\/\/www.europesays.com\/fr\/wp-json\/wp\/v2\/posts\/170162","targetHints":{"allow":["GET"]}}],"collection":[{"href":"https:\/\/www.europesays.com\/fr\/wp-json\/wp\/v2\/posts"}],"about":[{"href":"https:\/\/www.europesays.com\/fr\/wp-json\/wp\/v2\/types\/post"}],"author":[{"embeddable":true,"href":"https:\/\/www.europesays.com\/fr\/wp-json\/wp\/v2\/users\/2"}],"replies":[{"embeddable":true,"href":"https:\/\/www.europesays.com\/fr\/wp-json\/wp\/v2\/comments?post=170162"}],"version-history":[{"count":0,"href":"https:\/\/www.europesays.com\/fr\/wp-json\/wp\/v2\/posts\/170162\/revisions"}],"wp:featuredmedia":[{"embeddable":true,"href":"https:\/\/www.europesays.com\/fr\/wp-json\/wp\/v2\/media\/170163"}],"wp:attachment":[{"href":"https:\/\/www.europesays.com\/fr\/wp-json\/wp\/v2\/media?parent=170162"}],"wp:term":[{"taxonomy":"category","embeddable":true,"href":"https:\/\/www.europesays.com\/fr\/wp-json\/wp\/v2\/categories?post=170162"},{"taxonomy":"post_tag","embeddable":true,"href":"https:\/\/www.europesays.com\/fr\/wp-json\/wp\/v2\/tags?post=170162"}],"curies":[{"name":"wp","href":"https:\/\/api.w.org\/{rel}","templated":true}]}}