{"id":170173,"date":"2025-06-12T06:52:09","date_gmt":"2025-06-12T06:52:09","guid":{"rendered":"https:\/\/www.europesays.com\/fr\/170173\/"},"modified":"2025-06-12T06:52:09","modified_gmt":"2025-06-12T06:52:09","slug":"dniepropetrovsk-cinquieme-region-dukraine-en-proie-aux-fantasmes-imperiaux-de-la-russie","status":"publish","type":"post","link":"https:\/\/www.europesays.com\/fr\/170173\/","title":{"rendered":"Dniepropetrovsk, cinqui\u00e8me r\u00e9gion d\u2019Ukraine en proie aux fantasmes imp\u00e9riaux de la Russie"},"content":{"rendered":"<p>    Publi\u00e9 le 12 juin 2025 \u00e0 08:46. \/ Modifi\u00e9 le 12 juin 2025 \u00e0 08:48.<\/p>\n<p> 4 min. de lecture<\/p>\n<p class=\"article__abstract-call-to-action\" data-ariato=\"TrackableElement\" data-trackable-element-type=\"article_abstract_cta\" data-trackable-element-location=\"article_header\" data-trackable-element-id=\"497592\">\n          <a data-event=\"click-&gt;clicked\" href=\"https:\/\/www.letemps.ch\/abonnements\" target=\"_blank\" rel=\"noopener\">Abonnez-vous<\/a> pour acc\u00e9der au r\u00e9sum\u00e9 en 20 secondes.\n        <\/p>\n<p>Les Ukrainiens ont beau d\u00e9mentir, \u00e0 Moscou, propagandistes et officiels n\u2019en d\u00e9mordent pas: l\u2019arm\u00e9e russe aurait bel et bien effectu\u00e9 depuis le week-end dernier <a href=\"https:\/\/t.me\/Morskaya_pehota_Russia\/87377\" rel=\"nofollow noopener\" target=\"_blank\">une \u00abperc\u00e9e\u00bb dans la r\u00e9gion de Dniepropetrovsk<\/a>, marquant ainsi le d\u00e9but de l\u2019annexion de cet oblast industriel du centre du pays. Plusieurs faucons notoires du r\u00e9gime ont fait des d\u00e9clarations dans ce sens, affirmant m\u00eame que la ville de Dnipro, son centre administratif fort de presque un million d\u2019habitants, se trouvait d\u00e9sormais dans le viseur de l\u2019arm\u00e9e russe.<\/p>\n<p>Selon Andre\u00ef Klichas, le vice-pr\u00e9sident de la commission de d\u00e9fense de la Douma d\u2019Etat, la \u00abphase active de la d\u00e9nazification\u00bb de l\u2019oblast a d\u00e9j\u00e0 commenc\u00e9 \u2013 ce qui, dans le vocabulaire du Kremlin, d\u00e9signe un changement du r\u00e9gime politique local. \u00abSi l\u2019Ukraine ne conclut pas la paix selon nos conditions, nous prendrons la cit\u00e9 de Dniepropetrovsk et d\u2019autres villes ukrainiennes. Cela a d\u00e9j\u00e0 \u00e9t\u00e9 le cas par le pass\u00e9, et nous continuerons d\u2019avancer\u00bb, a ench\u00e9ri Dmitri Sabline, pr\u00e9sident de cette m\u00eame commission. Jamais en retard d\u2019une envol\u00e9e verbale, l\u2019ancien pr\u00e9sident Dmitri Medvedev s\u2019est f\u00e9licit\u00e9 que les territoires contr\u00f4l\u00e9s par Kiev \u00abr\u00e9tr\u00e9cissent comme peau de chagrin\u00bb. \u00abL\u2019extermination des parasites se poursuit\u00bb, <a href=\"https:\/\/t.me\/medvedev_telegram\/588\" rel=\"nofollow noopener\" target=\"_blank\">a-t-il m\u00eame os\u00e9.<\/a><\/p>\n","protected":false},"excerpt":{"rendered":"Publi\u00e9 le 12 juin 2025 \u00e0 08:46. \/ Modifi\u00e9 le 12 juin 2025 \u00e0 08:48. 4 min. de&hellip;\n","protected":false},"author":2,"featured_media":170174,"comment_status":"","ping_status":"","sticky":false,"template":"","format":"standard","meta":{"footnotes":""},"categories":[1591],"tags":[11,1887,12,301,1885,1886,132,220],"class_list":{"0":"post-170173","1":"post","2":"type-post","3":"status-publish","4":"format-standard","5":"has-post-thumbnail","7":"category-russie","8":"tag-actualites","9":"tag-federation-de-russie","10":"tag-news","11":"tag-premium","12":"tag-russia","13":"tag-russian-federation","14":"tag-russie","15":"tag-ukraine"},"share_on_mastodon":{"url":"https:\/\/pubeurope.com\/@fr\/114669076158113955","error":""},"_links":{"self":[{"href":"https:\/\/www.europesays.com\/fr\/wp-json\/wp\/v2\/posts\/170173","targetHints":{"allow":["GET"]}}],"collection":[{"href":"https:\/\/www.europesays.com\/fr\/wp-json\/wp\/v2\/posts"}],"about":[{"href":"https:\/\/www.europesays.com\/fr\/wp-json\/wp\/v2\/types\/post"}],"author":[{"embeddable":true,"href":"https:\/\/www.europesays.com\/fr\/wp-json\/wp\/v2\/users\/2"}],"replies":[{"embeddable":true,"href":"https:\/\/www.europesays.com\/fr\/wp-json\/wp\/v2\/comments?post=170173"}],"version-history":[{"count":0,"href":"https:\/\/www.europesays.com\/fr\/wp-json\/wp\/v2\/posts\/170173\/revisions"}],"wp:featuredmedia":[{"embeddable":true,"href":"https:\/\/www.europesays.com\/fr\/wp-json\/wp\/v2\/media\/170174"}],"wp:attachment":[{"href":"https:\/\/www.europesays.com\/fr\/wp-json\/wp\/v2\/media?parent=170173"}],"wp:term":[{"taxonomy":"category","embeddable":true,"href":"https:\/\/www.europesays.com\/fr\/wp-json\/wp\/v2\/categories?post=170173"},{"taxonomy":"post_tag","embeddable":true,"href":"https:\/\/www.europesays.com\/fr\/wp-json\/wp\/v2\/tags?post=170173"}],"curies":[{"name":"wp","href":"https:\/\/api.w.org\/{rel}","templated":true}]}}