{"id":170175,"date":"2025-06-12T06:53:10","date_gmt":"2025-06-12T06:53:10","guid":{"rendered":"https:\/\/www.europesays.com\/fr\/170175\/"},"modified":"2025-06-12T06:53:10","modified_gmt":"2025-06-12T06:53:10","slug":"des-dirigeants-deurope-du-sud-est-appellent-au-retrait-complet-des-forces-russes-dukraine","status":"publish","type":"post","link":"https:\/\/www.europesays.com\/fr\/170175\/","title":{"rendered":"Des dirigeants d&rsquo;Europe du Sud-Est appellent au retrait complet des forces russes d&rsquo;Ukraine"},"content":{"rendered":"<p>\n  Par&amp;nbsp<b>Euronews<\/b>&amp;nbspavec&amp;nbsp<b>agences<\/b><\/p>\n<p>\n                    Publi\u00e9 le                 12\/06\/2025 &#8211; 8:25 UTC+2\u2022Mis \u00e0 jour<br \/>\n                                     8:38<\/p>\n<p><img decoding=\"async\" class=\"c-ad__placeholder__logo\" src=\"https:\/\/static.euronews.com\/website\/images\/logos\/logo-euronews-grey-6-180x22.svg\" width=\"180\" height=\"22\" alt=\"\" loading=\"lazy\"\/>PUBLICIT\u00c9<\/p>\n<p>Les dirigeants de 9 pays d&rsquo;Europe du Sud-Est se sont retrouv\u00e9s au sommet r\u00e9gional d&rsquo;Odessa, pour parler des menaces auxquelles fait face la r\u00e9gion, notamment la guerre hybride. <\/p>\n<p>Le pr\u00e9sident ukrainien Volodymyr Zelensky a insist\u00e9 que la menace russe concernait toute la r\u00e9gion : \u00ab\u00a0les plans de guerre de la Russie visent cette r\u00e9gion, Odessa. Ils visent ensuite les fronti\u00e8res avec la Moldavie et la Roumanie. Bien s\u00fbr, nous avons besoin d&rsquo;une protection imm\u00e9diate. Mais surtout, nous avons besoin de garanties \u00e0 long terme pour que cela ne se reproduise plus jamais.\u00a0\u00bb<\/p>\n<p>Le pr\u00e9sident roumain Nicu\u0219or Dan a accus\u00e9 la Russie de saper les efforts de paix : \u00ab\u00a0Moscou rejette constamment toute initiative constructive et s&rsquo;efforce de saper le chemin vers la paix. La Russie propose des exigences d\u00e9raisonnables, sachant qu&rsquo;elles ne peuvent \u00eatre accept\u00e9es. Le seul langage que la Russie comprend est celui de la force et nous devons faire tout notre possible pour aider l&rsquo;Ukraine \u00e0 n\u00e9gocier en position de force.\u00a0\u00bb<\/p>\n<p>La pr\u00e9sidente moldave, Maia Sandu, a mis en garde contre les dangers d&rsquo;une guerre hybride visant \u00e0 influencer les \u00e9lections l\u00e9gislatives pr\u00e9vues \u00e0 l&rsquo;automne : \u00ab\u00a0nous apprenons chaque jour de nouvelles tentatives et de nouveaux moyens par lesquels la Russie essaie d&rsquo;interf\u00e9rer avec nos processus politiques internes, nos processus d\u00e9mocratiques. Ce sera difficile, mais nous voulons que les Moldaves d\u00e9cident pour la Moldavie lors des \u00e9lections l\u00e9gislatives, et non pour le Kremlin !\u00a0\u00bb<\/p>\n<p>Le sommet s&rsquo;est conclu par la signature d&rsquo;une d\u00e9claration commune, qui r\u00e9it\u00e8re un \u00ab\u00a0engagement \u00e0 fournir un soutien global et durable \u00e0 l&rsquo;Ukraine et \u00e0 son peuple aussi longtemps que n\u00e9cessaire\u00a0\u00bb et appel\u00e9 \u00ab\u00a0toutes les nations \u00e0 s&rsquo;abstenir d&rsquo;offrir toute forme d&rsquo;aide mat\u00e9rielle ou autre \u00e0 l&rsquo;effort de guerre de la Russie\u00a0\u00bb. Le texte cite aussi le \u00ab\u00a0retrait complet des forces et des \u00e9quipements russes de l&rsquo;ensemble du territoire ukrainien\u00a0\u00bb comme \u00ab\u00a0conditions essentielles et non n\u00e9gociables pour une paix\u00a0\u00bb.<\/p>\n<p>Les pays signataires soutiennent \u00ab\u00a0l&rsquo;Ukraine sur la voie irr\u00e9versible de son int\u00e9gration euro-atlantique compl\u00e8te, y compris son adh\u00e9sion \u00e0 l&rsquo;OTAN\u00a0\u00bb et appellent \u00e0 renforcer les sanctions contre Moscou. Ces engagements sont aux antipodes des demandes de la Russie, qui exige avant toute paix que l&rsquo;Ukraine lui c\u00e8de les r\u00e9gions dont elle revendique l&rsquo;annexion, renonce \u00e0 rejoindre l&rsquo;Otan et aux livraisons d&rsquo;armes occidentales.<\/p>\n<p>Le port d&rsquo;Odessa, o\u00f9 s&rsquo;est d\u00e9roul\u00e9 le sommet, est r\u00e9guli\u00e8rement vis\u00e9 par des frappes de missiles et de drones russes. Dans la nuit de mardi \u00e0 mercredi, une nouvelle attaque de drones lanc\u00e9s par la Russie y a endommag\u00e9 des habitations, des entrep\u00f4ts et des navires civils, a indiqu\u00e9 la diplomatie ukrainienne.<\/p>\n","protected":false},"excerpt":{"rendered":"Par&amp;nbspEuronews&amp;nbspavec&amp;nbspagences Publi\u00e9 le 12\/06\/2025 &#8211; 8:25 UTC+2\u2022Mis \u00e0 jour 8:38 PUBLICIT\u00c9 Les dirigeants de 9 pays d&rsquo;Europe du&hellip;\n","protected":false},"author":2,"featured_media":170176,"comment_status":"","ping_status":"","sticky":false,"template":"","format":"standard","meta":{"footnotes":""},"categories":[1590],"tags":[11,1777,674,2025,11095,12,23851,4868,220],"class_list":{"0":"post-170175","1":"post","2":"type-post","3":"status-publish","4":"format-standard","5":"has-post-thumbnail","7":"category-ukraine","8":"tag-actualites","9":"tag-eu","10":"tag-europe","11":"tag-invasion-de-la-russie-en-ukraine","12":"tag-moldavie","13":"tag-news","14":"tag-odessa","15":"tag-roumanie","16":"tag-ukraine"},"share_on_mastodon":{"url":"https:\/\/pubeurope.com\/@fr\/114669080310732945","error":""},"_links":{"self":[{"href":"https:\/\/www.europesays.com\/fr\/wp-json\/wp\/v2\/posts\/170175","targetHints":{"allow":["GET"]}}],"collection":[{"href":"https:\/\/www.europesays.com\/fr\/wp-json\/wp\/v2\/posts"}],"about":[{"href":"https:\/\/www.europesays.com\/fr\/wp-json\/wp\/v2\/types\/post"}],"author":[{"embeddable":true,"href":"https:\/\/www.europesays.com\/fr\/wp-json\/wp\/v2\/users\/2"}],"replies":[{"embeddable":true,"href":"https:\/\/www.europesays.com\/fr\/wp-json\/wp\/v2\/comments?post=170175"}],"version-history":[{"count":0,"href":"https:\/\/www.europesays.com\/fr\/wp-json\/wp\/v2\/posts\/170175\/revisions"}],"wp:featuredmedia":[{"embeddable":true,"href":"https:\/\/www.europesays.com\/fr\/wp-json\/wp\/v2\/media\/170176"}],"wp:attachment":[{"href":"https:\/\/www.europesays.com\/fr\/wp-json\/wp\/v2\/media?parent=170175"}],"wp:term":[{"taxonomy":"category","embeddable":true,"href":"https:\/\/www.europesays.com\/fr\/wp-json\/wp\/v2\/categories?post=170175"},{"taxonomy":"post_tag","embeddable":true,"href":"https:\/\/www.europesays.com\/fr\/wp-json\/wp\/v2\/tags?post=170175"}],"curies":[{"name":"wp","href":"https:\/\/api.w.org\/{rel}","templated":true}]}}