{"id":170185,"date":"2025-06-12T06:58:10","date_gmt":"2025-06-12T06:58:10","guid":{"rendered":"https:\/\/www.europesays.com\/fr\/170185\/"},"modified":"2025-06-12T06:58:10","modified_gmt":"2025-06-12T06:58:10","slug":"un-haut-dirigeant-du-secteur-de-la-defense-souligne-la-necessite-dun-fonds-de-defense-de-lue-de-100-milliards-deuros","status":"publish","type":"post","link":"https:\/\/www.europesays.com\/fr\/170185\/","title":{"rendered":"Un haut dirigeant du secteur de la d\u00e9fense souligne la n\u00e9cessit\u00e9 d&rsquo;un fonds de d\u00e9fense de l&rsquo;UE de 100 milliards d&rsquo;euros"},"content":{"rendered":"<p><img decoding=\"async\" class=\"c-ad__placeholder__logo\" src=\"https:\/\/static.euronews.com\/website\/images\/logos\/logo-euronews-grey-6-180x22.svg\" width=\"180\" height=\"22\" alt=\"\" loading=\"lazy\"\/>PUBLICIT\u00c9<\/p>\n<p>Les pays de l&rsquo;UE qui mettent en commun des dizaines de milliards de leurs d\u00e9penses de d\u00e9fense dans un fonds commun de l&rsquo;UE pourraient aider \u00e0 financer les projets phares n\u00e9cessaires et \u00e0 combler plus rapidement les lacunes en mati\u00e8re de capacit\u00e9s, a d\u00e9clar\u00e9 \u00e0 Euronews le nouveau directeur de la plus grande association europ\u00e9enne de l&rsquo;industrie de la d\u00e9fense, , reconnaissant que cela n\u00e9cessiterait toutefois un leadership politique.<\/p>\n<p><strong>Micael Johansson, le PDG de l&rsquo;entreprise su\u00e9doise de d\u00e9fense et de s\u00e9curit\u00e9 Saab,<\/strong> a d\u00e9clar\u00e9 mercredi que les mesures prises par la Commission europ\u00e9enne pour stimuler les d\u00e9penses de d\u00e9fense dans l&rsquo;UE allaient dans la bonne direction, mais qu&rsquo;il fallait en faire plus pour faciliter le d\u00e9veloppement et l&rsquo;acquisition de nouveaux syst\u00e8mes par les pays et les entreprises.<\/p>\n<p><strong>Le plan \u00ab\u00a0Pr\u00e9paration 2030\u00a0\u00bb de l&rsquo;ex\u00e9cutif europ\u00e9en<\/strong> pour la d\u00e9fense, d\u00e9voil\u00e9 en mars, repose sur deux piliers financiers principaux : l&rsquo;assouplissement des r\u00e8gles fiscales pour les d\u00e9penses de d\u00e9fense qui, selon les estimations de la Commission, pourrait permettre d&rsquo;injecter 650 milliards d&rsquo;euros dans le secteur au cours des quatre prochaines ann\u00e9es, et un <a href=\"https:\/\/fr.euronews.com\/my-europe\/2025\/05\/21\/tout-ce-quil-faut-savoir-sur-safe-linstrument-de-defense-de-lue-dote-de-150-milliards-deur\" target=\"_blank\" rel=\"noopener\"><strong>instrument de pr\u00eat d&rsquo;une valeur de 150 milliards d&rsquo;euros appel\u00e9 SAFE<\/strong>.<\/a><\/p>\n<p>M. Johansson, qui prendra \u00e0 partir du 15 juin la t\u00eate de l&rsquo;Association europ\u00e9enne des industries de l&rsquo;a\u00e9rospatiale, de la s\u00e9curit\u00e9 et de la d\u00e9fense (ASD), qui repr\u00e9sente quelque 4 000 entreprises, a d\u00e9clar\u00e9 que ces options de financement restaient principalement entre les mains de chaque gouvernement et qu&rsquo;elles \u00e9taient bas\u00e9es sur leurs propres besoins imm\u00e9diats.<\/p>\n<p>\u00ab\u00a0C&rsquo;est peut-\u00eatre un v\u0153u pieux, mais <strong>si les pays \u00e9taient pr\u00eats \u00e0 consacrer une partie de leur budget de d\u00e9fense \u00e0 un fonds (&#8230;) cela cr\u00e9erait un fonds commun sur lequel on pourrait travailler pour lancer des projets phares<\/strong>\u00ab\u00a0, a-t-il d\u00e9clar\u00e9 \u00e0 Euronews en marge d&rsquo;un sommet europ\u00e9en sur la d\u00e9fense et la s\u00e9curit\u00e9 qui s&rsquo;est tenu \u00e0 Bruxelles.<\/p>\n<p>Il a sugg\u00e9r\u00e9 que le Programme industriel de d\u00e9fense europ\u00e9en (EDIP), un r\u00e8glement pr\u00e9sent\u00e9 pour la premi\u00e8re fois au d\u00e9but de 2024 et qui est encore en train de faire son chemin \u00e0 travers le processus l\u00e9gislatif de l&rsquo;UE, pourrait \u00eatre le bon endroit pour ce fonds.<\/p>\n<p>Le r\u00e8glement pr\u00e9voit actuellement de consacrer 1,5 milliard d&rsquo;euros du budget de l&rsquo;UE au renforcement de la base industrielle de d\u00e9fense europ\u00e9enne au cours de la p\u00e9riode 2025-2027, mais M. Johansson a d\u00e9clar\u00e9 que pour financer de grands projets, \u00ab\u00a0une centaine de milliards d&rsquo;euros\u00a0\u00bb pourrait \u00eatre plus appropri\u00e9e.<\/p>\n<p>Il a toutefois reconnu qu&rsquo;il s&rsquo;agissait d&rsquo;un \u00ab\u00a0grand pas\u00a0\u00bb. \u00ab\u00a0Je ne sais pas vraiment comment y parvenir. Il s&rsquo;agit de d\u00e9cisions politiques, bien s\u00fbr\u00a0\u00bb.<\/p>\n<p>La d\u00e9fense est un sujet extr\u00eamement sensible qui rel\u00e8ve des comp\u00e9tences nationales au sein de l&rsquo;UE, les \u00c9tats membres prot\u00e9geant farouchement leurs champions nationaux dans ce secteur. Mais cela a conduit \u00e0 un march\u00e9 profond\u00e9ment fragment\u00e9, \u00e0 une interop\u00e9rabilit\u00e9 sous-optimale entre les diff\u00e9rents syst\u00e8mes et \u00e0 une industrie moins agile pour r\u00e9pondre aux crises.<\/p>\n<p>L&rsquo;UE et ses \u00c9tats membres, dont 23 sont \u00e9galement des alli\u00e9s de l&rsquo;OTAN, s&rsquo;efforcent actuellement de combler les lacunes dans les d\u00e9fenses de l&rsquo;Union et ont identifi\u00e9 sept domaines de capacit\u00e9s prioritaires, dont les munitions, les syst\u00e8mes de drones et anti-drones, la d\u00e9fense a\u00e9rienne, la mobilit\u00e9 militaire et la guerre \u00e9lectronique, pour n&rsquo;en citer que quelques-uns.<\/p>\n<p>Selon M. Johansson, les entreprises europ\u00e9ennes seront en mesure de r\u00e9pondre \u00e0 la plupart des besoins du continent, mais elles sont en retard sur leurs homologues am\u00e9ricaines dans certains domaines cl\u00e9s tels que les syst\u00e8mes int\u00e9gr\u00e9s de missiles a\u00e9riens, les capacit\u00e9s de frappe \u00e0 longue port\u00e9e et les syst\u00e8mes autonomes tels que les drones sophistiqu\u00e9s et haut de gamme.<\/p>\n<p>Alors que Washington envoie de plus en plus de messages contradictoires sur son engagement \u00e0 long terme en faveur de la d\u00e9fense de l&rsquo;Europe et qu&rsquo;il cherche \u00e0 orienter certaines de ses ressources vers la r\u00e9gion indo-pacifique, ces projets \u00ab\u00a0phares\u00a0\u00bb pourraient b\u00e9n\u00e9ficier d&rsquo;une approche plus europ\u00e9enne et d&rsquo;un financement conjoint, a d\u00e9clar\u00e9 M. Johnasson. Cela pourrait se faire par le biais d&rsquo;\u00c9tats membres ou d&rsquo;entreprises cr\u00e9ant des coalitions de volontaires pour d\u00e9velopper des syst\u00e8mes communs.<\/p>\n<p>\u00ab\u00a0Mais ce n&rsquo;est pas facile parce qu&rsquo;<strong>il y a un compromis entre la souverainet\u00e9 nationale et la cr\u00e9ation d&rsquo;interd\u00e9pendances<\/strong>\u00ab\u00a0, a-t-il d\u00e9clar\u00e9 \u00e0 Euronews.<\/p>\n<p>La proposition de la Commission en mati\u00e8re de d\u00e9fense pr\u00e9voit une plus grande collaboration entre les Etats membres, plusieurs d&rsquo;entre eux devant mettre en commun leurs commandes afin d&rsquo;acc\u00e9der au financement par le biais de l&rsquo;instrument SAFE.<\/p>\n<p>Entre-temps, l&rsquo;ex\u00e9cutif europ\u00e9en devrait d\u00e9voiler la semaine prochaine une nouvelle proposition pour le secteur de la d\u00e9fense visant \u00e0 r\u00e9duire les formalit\u00e9s administratives.<\/p>\n","protected":false},"excerpt":{"rendered":"PUBLICIT\u00c9 Les pays de l&rsquo;UE qui mettent en commun des dizaines de milliards de leurs d\u00e9penses de d\u00e9fense&hellip;\n","protected":false},"author":2,"featured_media":170186,"comment_status":"","ping_status":"","sticky":false,"template":"","format":"standard","meta":{"footnotes":""},"categories":[1586],"tags":[11,554,2024,1777,674,1779,1011,27,3343,12,25,1778,364],"class_list":{"0":"post-170185","1":"post","2":"type-post","3":"status-publish","4":"format-standard","5":"has-post-thumbnail","7":"category-europe","8":"tag-actualites","9":"tag-defense","10":"tag-drones","11":"tag-eu","12":"tag-europe","13":"tag-european-union","14":"tag-fr","15":"tag-france","16":"tag-missile","17":"tag-news","18":"tag-republique-francaise","19":"tag-ue","20":"tag-union-europeenne"},"share_on_mastodon":{"url":"https:\/\/pubeurope.com\/@fr\/114669099739742758","error":""},"_links":{"self":[{"href":"https:\/\/www.europesays.com\/fr\/wp-json\/wp\/v2\/posts\/170185","targetHints":{"allow":["GET"]}}],"collection":[{"href":"https:\/\/www.europesays.com\/fr\/wp-json\/wp\/v2\/posts"}],"about":[{"href":"https:\/\/www.europesays.com\/fr\/wp-json\/wp\/v2\/types\/post"}],"author":[{"embeddable":true,"href":"https:\/\/www.europesays.com\/fr\/wp-json\/wp\/v2\/users\/2"}],"replies":[{"embeddable":true,"href":"https:\/\/www.europesays.com\/fr\/wp-json\/wp\/v2\/comments?post=170185"}],"version-history":[{"count":0,"href":"https:\/\/www.europesays.com\/fr\/wp-json\/wp\/v2\/posts\/170185\/revisions"}],"wp:featuredmedia":[{"embeddable":true,"href":"https:\/\/www.europesays.com\/fr\/wp-json\/wp\/v2\/media\/170186"}],"wp:attachment":[{"href":"https:\/\/www.europesays.com\/fr\/wp-json\/wp\/v2\/media?parent=170185"}],"wp:term":[{"taxonomy":"category","embeddable":true,"href":"https:\/\/www.europesays.com\/fr\/wp-json\/wp\/v2\/categories?post=170185"},{"taxonomy":"post_tag","embeddable":true,"href":"https:\/\/www.europesays.com\/fr\/wp-json\/wp\/v2\/tags?post=170185"}],"curies":[{"name":"wp","href":"https:\/\/api.w.org\/{rel}","templated":true}]}}