{"id":170188,"date":"2025-06-12T07:00:13","date_gmt":"2025-06-12T07:00:13","guid":{"rendered":"https:\/\/www.europesays.com\/fr\/170188\/"},"modified":"2025-06-12T07:00:13","modified_gmt":"2025-06-12T07:00:13","slug":"parcours-et-le-profil-de-letape-5-ce-jeudi-12-juin","status":"publish","type":"post","link":"https:\/\/www.europesays.com\/fr\/170188\/","title":{"rendered":"Parcours et le profil de l\u2019\u00e9tape 5 ce jeudi 12\u00a0juin"},"content":{"rendered":"<p>Jeudi, la 5e \u00e9tape du Crit\u00e9rium du Dauphin\u00e9 entre Saint-Priest et M\u00e2con promet une v\u00e9ritable bataille. Apr\u00e8s la d\u00e9monstration de Remco Evenepoel mercredi lors du contre-la-montre, les autres favoris seront \u00e0 ses trousses pour renter de lui ravir le <a href=\"https:\/\/www.20minutes.fr\/dossier\/maillot_jaune\" class=\"color-ultramarine c-link\" target=\"_blank\" rel=\"noopener\">Maillot Jaune<\/a>.<\/p>\n<p>Le profil de la 5e \u00e9tape du Crit\u00e9rium du Dauphin\u00e9<img decoding=\"async\" alt=\"Le profil de la 5e \u00e9tape du Crit\u00e9rium du Dauphin\u00e9\" class=\"c-img\" loading=\"lazy\" fetchpriority=\"auto\" width=\"718\"  src=\"https:\/\/img.20mn.fr\/bVwMXM8NSUibUHvV0NJGYyk\/718x0\" \/>Le profil de la 5e \u00e9tape du Crit\u00e9rium du Dauphin\u00e9\u2002-\u00a0SOURCE ASO<\/p>\n<p>Quatre difficult\u00e9s (deux de 4e cat\u00e9gorie et deux de 3e cat\u00e9gorie) devront \u00eatre n\u00e9goci\u00e9es par les coureurs\u00a0:<\/p>\n<ul>\n<li>La premi\u00e8re c\u00f4te, au 91\u1d49 kilom\u00e8tre, sera celle de Saint-Amour (5.6\u00a0% de pente sur plus d\u2019un kilom\u00e8tre).<\/li>\n<li>Par la suite, les cols de Fontmartin et de Boubon, 6.7 km \u00e0 4.4\u00a0% et 4.7 km \u00e0 5.2\u00a0%, devront \u00eatre gravis.<\/li>\n<li>La c\u00f4te des Quatre Vents \u00e0 4.6\u00a0% et descente jusqu\u2019\u00e0 M\u00e2con viendront conclure l\u2019\u00e9tape.<\/li>\n<\/ul>\n<p>Le parcours de la 5e \u00e9tape du Crit\u00e9rium du Dauphin\u00e9<\/p>\n<p>La 5\u1d49 journ\u00e9e du Crit\u00e9rium pr\u00e9voit une \u00e9tape accident\u00e9e qui devrait voir une belle bagarre jusqu\u2019\u00e0 la cr\u00e9ation d\u2019un gros groupe. La course devrait ensuite se jouer entre plusieurs petits groupes, au fil des c\u00f4tes du parcours. Voici le trac\u00e9 pr\u00e9vu par les organisateurs\u00a0:<\/p>\n<p><img decoding=\"async\" alt=\"Le trac\u00e9 de la 5e \u00e9tape du Crit\u00e9rium du Dauphin\u00e9\" class=\"c-img\" loading=\"lazy\" fetchpriority=\"auto\" width=\"718\"  src=\"https:\/\/img.20mn.fr\/wtl39u83Q6KxJkbzC5OIgCk\/718x0\" \/>Le trac\u00e9 de la 5e \u00e9tape du Crit\u00e9rium du Dauphin\u00e9\u2002-\u00a0Source ASO<\/p>\n<p>L\u2019arriv\u00e9e est pr\u00e9vue vers 17 heures.<\/p>\n<p>Les favoris du jour<\/p>\n<p>\u2b50 \u2b50 \u2b50 Mathieu van der Poel<\/p>\n<p>\u2b50 \u2b50 Fred Wright &#8211; Maxim van Gils<\/p>\n<p>\u2b50 Jasper Stuyven &#8211; Simone Velasco &#8211; Paul Penho\u00ebt<\/p>\n<p>Le classement avant la 5e \u00e9tape du Crit\u00e9rium du Dauphin\u00e9<\/p>\n<ol>\n<li>Remco Evenepoel &#8211; Soudal &#8211; Quick Step \u00e0 14h31&rsquo;08\u00a0\u00bb<\/li>\n<li>Florian Lipowitz &#8211; RedBull &#8211; Bora-Hansgrohe \u00e0 0&rsquo;04\u00a0\u00bb<\/li>\n<li>Ivan Romeo &#8211; Movistar \u00e0 0&rsquo;09\u00a0\u00bb<\/li>\n<li>Mathieu Van der Poel &#8211; Alpecin-Deceuninck \u00e0 0&rsquo;14\u00a0\u00bb<\/li>\n<li>Jonas Vingegaard &#8211; Visma Lease a Bike \u00e0 0&rsquo;16\u00a0\u00bb<\/li>\n<li>Eddie Dunbar &#8211; Jayco AlUla \u00e0 0&rsquo;30\u00a0\u00bb<\/li>\n<li>Harold Tejada &#8211; XDS Astana \u00e0 0&rsquo;30\u00a0\u00bb<\/li>\n<li>Tadej Pogacar &#8211; UAE Team Emirates \u00e0 0&rsquo;38\u00a0\u00bb<\/li>\n<li>Matteo Jorgenson &#8211; Visma Lease a Bike \u00e0 0&rsquo;39\u00a0\u00bb<\/li>\n<li>Louis Barr\u00e9 &#8211; Intermarch\u00e9 &#8211; Wanty \u00e0 1&rsquo;03\u00a0\u00bb<\/li>\n<\/ol>\n","protected":false},"excerpt":{"rendered":"Jeudi, la 5e \u00e9tape du Crit\u00e9rium du Dauphin\u00e9 entre Saint-Priest et M\u00e2con promet une v\u00e9ritable bataille. Apr\u00e8s la&hellip;\n","protected":false},"author":2,"featured_media":170189,"comment_status":"","ping_status":"","sticky":false,"template":"","format":"standard","meta":{"footnotes":""},"categories":[2],"tags":[11,207,1011,27,4385,12,11697,25,517,1138],"class_list":{"0":"post-170188","1":"post","2":"type-post","3":"status-publish","4":"format-standard","5":"has-post-thumbnail","7":"category-actualites","8":"tag-actualites","9":"tag-cyclisme","10":"tag-fr","11":"tag-france","12":"tag-mathieu-van-der-poel","13":"tag-news","14":"tag-remco-evenepoel","15":"tag-republique-francaise","16":"tag-sport","17":"tag-tadej-pogacar"},"share_on_mastodon":{"url":"https:\/\/pubeurope.com\/@fr\/114669108160604161","error":""},"_links":{"self":[{"href":"https:\/\/www.europesays.com\/fr\/wp-json\/wp\/v2\/posts\/170188","targetHints":{"allow":["GET"]}}],"collection":[{"href":"https:\/\/www.europesays.com\/fr\/wp-json\/wp\/v2\/posts"}],"about":[{"href":"https:\/\/www.europesays.com\/fr\/wp-json\/wp\/v2\/types\/post"}],"author":[{"embeddable":true,"href":"https:\/\/www.europesays.com\/fr\/wp-json\/wp\/v2\/users\/2"}],"replies":[{"embeddable":true,"href":"https:\/\/www.europesays.com\/fr\/wp-json\/wp\/v2\/comments?post=170188"}],"version-history":[{"count":0,"href":"https:\/\/www.europesays.com\/fr\/wp-json\/wp\/v2\/posts\/170188\/revisions"}],"wp:featuredmedia":[{"embeddable":true,"href":"https:\/\/www.europesays.com\/fr\/wp-json\/wp\/v2\/media\/170189"}],"wp:attachment":[{"href":"https:\/\/www.europesays.com\/fr\/wp-json\/wp\/v2\/media?parent=170188"}],"wp:term":[{"taxonomy":"category","embeddable":true,"href":"https:\/\/www.europesays.com\/fr\/wp-json\/wp\/v2\/categories?post=170188"},{"taxonomy":"post_tag","embeddable":true,"href":"https:\/\/www.europesays.com\/fr\/wp-json\/wp\/v2\/tags?post=170188"}],"curies":[{"name":"wp","href":"https:\/\/api.w.org\/{rel}","templated":true}]}}