{"id":170203,"date":"2025-06-12T07:11:09","date_gmt":"2025-06-12T07:11:09","guid":{"rendered":"https:\/\/www.europesays.com\/fr\/170203\/"},"modified":"2025-06-12T07:11:09","modified_gmt":"2025-06-12T07:11:09","slug":"elizabeth-hurley-fete-ses-60-ans-avec-une-photo-delle-nue","status":"publish","type":"post","link":"https:\/\/www.europesays.com\/fr\/170203\/","title":{"rendered":"Elizabeth Hurley f\u00eate ses 60 ans avec une photo d\u2019elle nue"},"content":{"rendered":"<p>L\u2019actrice et mannequin britannique a f\u00eat\u00e9 son anniversaire le 10 juin. Elle a marqu\u00e9 l\u2019occasion avec une photo d\u2019elle dans le plus simple appareil, publi\u00e9e sur son compte Instagram.<\/p>\n<p class=\"fig-paragraph\">Assise dans l\u2019herbe nue comme un ver, un sourire b\u00e9at, c\u2019est la photo qui restera des 60 ans d\u2019<a href=\"https:\/\/madame.lefigaro.fr\/tag\/elizabeth-hurley\" target=\"_blank\" rel=\"noopener\" data-gtm-custom-categorie=\"navigation\" data-gtm-custom-action=\"crossclick\" data-gtm-custom-label=\"Contextuel\" data-gtm-event=\"customEventSPE\">Elizabeth Hurley<\/a>. L\u2019actrice et mannequin britannique a f\u00eat\u00e9 son anniversaire le 10 juin et s\u2019est fendue pour l\u2019occasion d\u2019une publication sur Instagram. C\u2019est donc cette image r\u00e9chauff\u00e9e qu\u2019elle a choisie et accompagn\u00e9e d\u2019une l\u00e9gende o\u00f9 elle en profite pour c\u00e9l\u00e9brer les anniversaires de ses diff\u00e9rents projets et collaborations mais aussi sa relation de couple r\u00e9cemment d\u00e9voil\u00e9e.<\/p>\n<p>    <a href=\"https:\/\/photo-madame.lefigaro.fr\/beaute\/beaute-star\/l-evolution-physique-d-elizabeth-hurley-20250606\" target=\"_blank\" rel=\"noopener\"><\/p>\n<p class=\"fig-slideshow__title\">\n                    L\u2019\u00e9volution physique d\u2019Elizabeth Hurley\n                <\/p>\n<p>    <\/a><\/p>\n<p>Nouvelle d\u00e9cennie<\/p>\n<p class=\"fig-paragraph\">\u00abJoyeux anniversaire \u00e0 moi\u00a0! Cette ann\u00e9e a d\u00e9j\u00e0 \u00e9t\u00e9 riche en rebondissements\u00a0: mes 30 ans de travail avec Est\u00e9e Lauder Companies, mes 30 ans en tant qu\u2019ambassadrice mondiale de la campagne contre le cancer du sein @esteelaudercompanies, les 20 ans de @elizabethhurleybeach et&#8230; je suis amoureuse, a \u00e9crit Elizabeth Hurley en l\u00e9gende de sa photo. Je me sens tr\u00e8s privil\u00e9gi\u00e9e et reconnaissante d\u2019avoir les meilleurs amis et la meilleure famille au monde.\u00bb Pour conclure, la Britannique a pr\u00e9cis\u00e9 avec ironie que la photo avait \u00e9t\u00e9 \u00abprise cet apr\u00e8s-midi dans (son) costume d\u2019anniversaire\u00bb.<\/p>\n<p>L\u2019amour \u00e0 60 ans<\/p>\n<p class=\"fig-paragraph\">Nue sur les r\u00e9seaux sociaux pour ses 60 ans, pourquoi s\u2019en priverait-elle\u00a0? Surtout quand on sait que, l\u2019ann\u00e9e derni\u00e8re, le magazine masculin Maxim l\u2019a \u00e9lue\u00a0<a href=\"http:\/\/madame.lefigaro.fr\/beaute\/beaute-star\/elue-femme-la-plus-sexy-au-monde-a-59-ans-elizabeth-hurley-pose-topless-pour-feter-ca-20240923\" data-fig-type=\"Article\" data-gtm-custom-categorie=\"navigation\" data-gtm-custom-action=\"crossclick\" data-gtm-custom-label=\"Contextuel\" data-gtm-event=\"customEventSPE\" data-fig-domain=\"MADAME\" target=\"_blank\" rel=\"noopener\">premi\u00e8re de son classement des 100 femmes les plus sexy au monde<\/a>\u00a0devant Margot Robbie, Bella Hadid Zendaya ou encore la chanteuse Miley Cyrus. Une \u00e9lection qu\u2019elle avait d\u2019ailleurs f\u00eat\u00e9 seins nus en couverture du magazine. Ironie de ce classement, il la pla\u00e7ait devant celle qui serait bient\u00f4t sa belle-fille.<\/p>\n<p class=\"fig-paragraph\">Le 21 avril,\u00a0<a href=\"http:\/\/madame.lefigaro.fr\/celebrites\/ils-sont-amis-depuis-longtemps-le-nouveau-couple-inattendu-entre-elizabeth-hurley-et-billy-ray-cyrus-20250422\" data-fig-type=\"Article\" data-gtm-custom-categorie=\"navigation\" data-gtm-custom-action=\"crossclick\" data-gtm-custom-label=\"Contextuel\" data-gtm-event=\"customEventSPE\" data-fig-domain=\"MADAME\" target=\"_blank\" rel=\"noopener\">Elizabeth Hurley et Billy Ray Cyrus<\/a>, le p\u00e8re de Miley Cyrus, ont en effet officialis\u00e9 leur couple sur Instagram. Depuis, les deux tourtereaux ne se quittent plus. Le 24 mai, ils \u00e9taient \u00e0 Rome pour le d\u00eener d\u2019ouverture de l\u2019exposition \u00abOrizzonti Rosso\u00bb en compagnie de Damian Hurley, le fils de l\u2019actrice \u00e2g\u00e9 de 23 ans. Toujours peu habill\u00e9e mais le c\u0153ur \u00e0 l\u2019amour, Elizabeth Hurley commence cette nouvelle d\u00e9cennie sous les meilleurs auspices.<\/p>\n","protected":false},"excerpt":{"rendered":"L\u2019actrice et mannequin britannique a f\u00eat\u00e9 son anniversaire le 10 juin. Elle a marqu\u00e9 l\u2019occasion avec une photo&hellip;\n","protected":false},"author":2,"featured_media":170204,"comment_status":"","ping_status":"","sticky":false,"template":"","format":"standard","meta":{"footnotes":""},"categories":[1359],"tags":[3581,2424,4983,6731,6729,6728,1193,58,30459,59,1295,1294,638,4988,1011,27,4933,977,6726,6727,2298,973,4984,517,6730],"class_list":{"0":"post-170203","1":"post","2":"type-post","3":"status-publish","4":"format-standard","5":"has-post-thumbnail","7":"category-people","8":"tag-anniversaire","9":"tag-beaute","10":"tag-bien-etre","11":"tag-bien-fait","12":"tag-coiffure","13":"tag-coupe-de-cheveux","14":"tag-couple","15":"tag-divertissement","16":"tag-elizabeth-hurley","17":"tag-entertainment","18":"tag-feminin","19":"tag-femme","20":"tag-figaro","21":"tag-forme","22":"tag-fr","23":"tag-france","24":"tag-homme","25":"tag-madame","26":"tag-make-up","27":"tag-maquillage","28":"tag-parfum","29":"tag-people","30":"tag-soins","31":"tag-sport","32":"tag-vernis"},"share_on_mastodon":{"url":"https:\/\/pubeurope.com\/@fr\/114669150768609978","error":""},"_links":{"self":[{"href":"https:\/\/www.europesays.com\/fr\/wp-json\/wp\/v2\/posts\/170203","targetHints":{"allow":["GET"]}}],"collection":[{"href":"https:\/\/www.europesays.com\/fr\/wp-json\/wp\/v2\/posts"}],"about":[{"href":"https:\/\/www.europesays.com\/fr\/wp-json\/wp\/v2\/types\/post"}],"author":[{"embeddable":true,"href":"https:\/\/www.europesays.com\/fr\/wp-json\/wp\/v2\/users\/2"}],"replies":[{"embeddable":true,"href":"https:\/\/www.europesays.com\/fr\/wp-json\/wp\/v2\/comments?post=170203"}],"version-history":[{"count":0,"href":"https:\/\/www.europesays.com\/fr\/wp-json\/wp\/v2\/posts\/170203\/revisions"}],"wp:featuredmedia":[{"embeddable":true,"href":"https:\/\/www.europesays.com\/fr\/wp-json\/wp\/v2\/media\/170204"}],"wp:attachment":[{"href":"https:\/\/www.europesays.com\/fr\/wp-json\/wp\/v2\/media?parent=170203"}],"wp:term":[{"taxonomy":"category","embeddable":true,"href":"https:\/\/www.europesays.com\/fr\/wp-json\/wp\/v2\/categories?post=170203"},{"taxonomy":"post_tag","embeddable":true,"href":"https:\/\/www.europesays.com\/fr\/wp-json\/wp\/v2\/tags?post=170203"}],"curies":[{"name":"wp","href":"https:\/\/api.w.org\/{rel}","templated":true}]}}