{"id":170211,"date":"2025-06-12T07:15:17","date_gmt":"2025-06-12T07:15:17","guid":{"rendered":"https:\/\/www.europesays.com\/fr\/170211\/"},"modified":"2025-06-12T07:15:17","modified_gmt":"2025-06-12T07:15:17","slug":"merde-a-la-mer-le-nouveau-et-detonnant-clip-de-brigitte-fontaine","status":"publish","type":"post","link":"https:\/\/www.europesays.com\/fr\/170211\/","title":{"rendered":"\u00ab\u00a0Merde \u00e0 la mer\u00a0\u00bb\u00a0: le nouveau et d\u00e9tonnant clip de Brigitte Fontaine"},"content":{"rendered":"<p>Originaire de Morlaix (29), la chanteuse Brigitte Fontaine, qui soufflera ses 86 bougies le 24 juin 2025, a enregistr\u00e9 \u00ab Merde \u00e0 la mer \u00bb en compagnie du chanteur-guitariste Axel Bauer. Interpr\u00e9t\u00e9e par les deux artistes, cette chanson d\u00e9coiffante se situe au croisement du punk et de la pop.<\/p>\n<p>\u00ab Le clip, r\u00e9alis\u00e9 par Yann Orhan, prolonge cet univers ovniesque par une mise en sc\u00e8ne satur\u00e9e et color\u00e9e, entre bande dessin\u00e9e et th\u00e9\u00e2tre de l\u2019absurde. Brigitte et Axel en side-car, dans une odyss\u00e9e visuelle aussi barr\u00e9e que lib\u00e9ratrice \u00bb, est-il \u00e9crit dans un communiqu\u00e9 o\u00f9 \u00ab Merde \u00e0 la mer \u00bb est annonc\u00e9 comme le \u00ab tube de l\u2019\u00e9t\u00e9 \u00bb. Les paroles sont de Brigitte Fontaine, tandis qu\u2019Axel Bauer a compos\u00e9 la musique. Quant au site mis en ligne, le 3 juin 2025, il enregistre 25 000 vues.<\/p>\n<p>Les paroles de la chanson \u00ab Merde \u00e0 la mer \u00bb<\/p>\n<p>La mer qu\u2019on voit danser<\/p>\n<p>Assez !<\/p>\n<p>C\u2019est pas une bo\u00eete de nuit<\/p>\n<p>Ici<\/p>\n<p>Va te faire voir ailleurs<\/p>\n<p>Sister<\/p>\n<p>Mais qu\u2019est-ce qu\u2019elle se croit<\/p>\n<p>Celle-l\u00e0<\/p>\n<p>Brigitte ?<\/p>\n<p>Merde \u00e0 la mer<\/p>\n<p>Brigitte !<\/p>\n<p>Merde \u00e0 la mer !<\/p>\n<p>Ses gestes th\u00e9\u00e2traux<\/p>\n<p>R\u00e9tros<\/p>\n<p>Ses draperies bouffonnes<\/p>\n<p>De conne !<\/p>\n<p>Mais c\u2019est du Grand-Guignol<\/p>\n<p>Cagole !<\/p>\n<p>Airs grandiloquents<\/p>\n<p>Et p\u00e9dants !<\/p>\n<p>Brigitte ?<\/p>\n<p>Merde \u00e0 la mer<\/p>\n<p>Brigitte !<\/p>\n<p>Merde \u00e0 la mer !<\/p>\n<p>Contempler ses grands airs<\/p>\n<p>On n\u2019a pas que \u00e7a \u00e0 faire<\/p>\n<p>Merde \u00e0 la mer<\/p>\n<p>Mais pour qui elle se prend<\/p>\n<p>Sex-symbol ou pur-sang<\/p>\n<p>Merde \u00e0 la mer<\/p>\n<p>Merde \u00e0 la mer !<\/p>\n<p>Cr\u00e9puscule du soir<\/p>\n<p>Espoir<\/p>\n<p>N\u00e9on bl\u00eame et platine<\/p>\n<p>Morphine<\/p>\n<p>Goudron blanc cru qui brille<\/p>\n<p>Torpille<\/p>\n<p>Et les fameux moutons<\/p>\n<p>La teuhon !<\/p>\n<p>Brigitte ?<\/p>\n<p>Merde \u00e0 la mer<\/p>\n<p>Brigitte !<\/p>\n<p>Merde \u00e0 la mer !<\/p>\n<p>Contempler ses grands airs<\/p>\n<p>On n\u2019a pas que \u00e7a \u00e0 faire<\/p>\n<p>Merde \u00e0 la mer<\/p>\n<p>Mais pour qui elle se prend<\/p>\n<p>Sex-symbol ou pur-sang<\/p>\n<p>Merde \u00e0 la mer<\/p>\n<p>Contempler ses grands airs<\/p>\n<p>On n\u2019a pas que \u00e7a \u00e0 faire<\/p>\n<p>Merde \u00e0 la mer<\/p>\n<p>Mais pour qui elle se prend<\/p>\n<p>Sex-symbol ou pur-sang<\/p>\n<p>Merde \u00e0 la mer<\/p>\n<p>Merde \u00e0 la mer !<\/p>\n<p>J\u2019ai la rate au court-bouillon<\/p>\n<p>Merde \u00e0 la mer<\/p>\n<p>Merde \u00e0 la mer<\/p>\n<p>Merde \u00e0 la mer<\/p>\n","protected":false},"excerpt":{"rendered":"Originaire de Morlaix (29), la chanteuse Brigitte Fontaine, qui soufflera ses 86 bougies le 24 juin 2025, a&hellip;\n","protected":false},"author":2,"featured_media":170212,"comment_status":"","ping_status":"","sticky":false,"template":"","format":"standard","meta":{"footnotes":""},"categories":[1355],"tags":[872,58,59,1011,27,2131,1361,873],"class_list":{"0":"post-170211","1":"post","2":"type-post","3":"status-publish","4":"format-standard","5":"has-post-thumbnail","7":"category-musique","8":"tag-culture-et-loisirs","9":"tag-divertissement","10":"tag-entertainment","11":"tag-fr","12":"tag-france","13":"tag-morlaix","14":"tag-music","15":"tag-musique"},"share_on_mastodon":{"url":"https:\/\/pubeurope.com\/@fr\/114669166497717709","error":""},"_links":{"self":[{"href":"https:\/\/www.europesays.com\/fr\/wp-json\/wp\/v2\/posts\/170211","targetHints":{"allow":["GET"]}}],"collection":[{"href":"https:\/\/www.europesays.com\/fr\/wp-json\/wp\/v2\/posts"}],"about":[{"href":"https:\/\/www.europesays.com\/fr\/wp-json\/wp\/v2\/types\/post"}],"author":[{"embeddable":true,"href":"https:\/\/www.europesays.com\/fr\/wp-json\/wp\/v2\/users\/2"}],"replies":[{"embeddable":true,"href":"https:\/\/www.europesays.com\/fr\/wp-json\/wp\/v2\/comments?post=170211"}],"version-history":[{"count":0,"href":"https:\/\/www.europesays.com\/fr\/wp-json\/wp\/v2\/posts\/170211\/revisions"}],"wp:featuredmedia":[{"embeddable":true,"href":"https:\/\/www.europesays.com\/fr\/wp-json\/wp\/v2\/media\/170212"}],"wp:attachment":[{"href":"https:\/\/www.europesays.com\/fr\/wp-json\/wp\/v2\/media?parent=170211"}],"wp:term":[{"taxonomy":"category","embeddable":true,"href":"https:\/\/www.europesays.com\/fr\/wp-json\/wp\/v2\/categories?post=170211"},{"taxonomy":"post_tag","embeddable":true,"href":"https:\/\/www.europesays.com\/fr\/wp-json\/wp\/v2\/tags?post=170211"}],"curies":[{"name":"wp","href":"https:\/\/api.w.org\/{rel}","templated":true}]}}