{"id":170217,"date":"2025-06-12T07:18:10","date_gmt":"2025-06-12T07:18:10","guid":{"rendered":"https:\/\/www.europesays.com\/fr\/170217\/"},"modified":"2025-06-12T07:18:10","modified_gmt":"2025-06-12T07:18:10","slug":"psg-atletico-madrid-3-joueurs-parisiens-a-part-pour-lentrainement","status":"publish","type":"post","link":"https:\/\/www.europesays.com\/fr\/170217\/","title":{"rendered":"PSG\/Atl\u00e9tico Madrid &#8211; 3 joueurs parisiens \u00e0 part pour l&rsquo;entra\u00eenement"},"content":{"rendered":"<p><strong>Ce dimanche, le Paris Saint-Germain affronte <b>l\u2019Atl\u00e9tico de Madrid <\/b>au <b>Rose Bowl Stadium<\/b> pour le compte <b>de la 1ere journ\u00e9e de la phase de groupes de la Coupe du Monde des Clubs 2025<\/b> (coup d\u2019envoi \u00e0 21h, diffusion sur <b>DAZN et TF1<\/b>). Le Parisien fait savoir que 3 joueurs du PSG ont \u00e9t\u00e9 m\u00e9nag\u00e9s pour l\u2019entra\u00eenement ce mercredi.<\/strong><\/p>\n<blockquote>\n<p>\u00ab\u00a0Ousmane Demb\u00e9l\u00e9, victime d\u2019une l\u00e9sion au quadriceps gauche et tr\u00e8s probablement forfait pour les trois rencontres de poules, est rest\u00e9 en salle dans un premier temps avant de faire quelques tours de terrain.<\/p>\n<p>Bradley Barcola, touch\u00e9 \u00e0 un genou avec les Bleus, et Gabriel Moscardo, invit\u00e9 surprise de ce voyage aux \u00c9tats-Unis, se sont \u00e9galement entra\u00een\u00e9s \u00e0 part.\u00a0\u00bb<\/p>\n<\/blockquote>\n<p>Il n\u2019y a pas de surprise pour Ousmane Demb\u00e9l\u00e9 (attaquant de 28 ans), malheureusement. Ce serait plut\u00f4t le cas s\u2019il \u00e9tait rapidement avec le groupe. M\u00eame si l\u2019espoir existe, puisque sa dur\u00e9e d\u2019absence n\u2019est annonc\u00e9e que dans les m\u00e9dias et n\u2019est donc pas certaine. On attend encore afin de conna\u00eetre exactement la date de son retour.<\/p>\n<p>Ce devrait \u00eatre plus rapide pour Bradley Barcola (attaquant de 22 ans) et Gabriel Moscardo (milieu de 19 ans). On l\u2019esp\u00e8re notamment pour ce second, qui doit profiter de cette comp\u00e9tition, au quotidien comme en match, afin de marquer des points.<\/p>\n<p>Il est \u00e0 noter que Gianluigi Donnarumma, Lucas Beraldo, Marquinhos, Willian Pacho et Kang-in Lee, qui ont eu un match plus tard en s\u00e9lection que leurs co\u00e9quipiers, ne vont rejoindre le groupe que ce jeudi.<\/p>\n<p>\t\t\t\t\t\t\t\t\t\t\t\t\t\t\t\t\t\t\t\t\t\t\t<img loading=\"lazy\" src=\"https:\/\/www.europesays.com\/fr\/wp-content\/uploads\/2025\/04\/ParisFans_Logo.png\" decoding=\"async\" class=\"lazyload\" width=\"240\" height=\"54\" data-eio-rwidth=\"240\" data-eio-rheight=\"54\"\/><\/p>\n","protected":false},"excerpt":{"rendered":"Ce dimanche, le Paris Saint-Germain affronte l\u2019Atl\u00e9tico de Madrid au Rose Bowl Stadium pour le compte de la&hellip;\n","protected":false},"author":2,"featured_media":170218,"comment_status":"","ping_status":"","sticky":false,"template":"","format":"standard","meta":{"footnotes":""},"categories":[9],"tags":[1011,27,30465,60,96],"class_list":{"0":"post-170217","1":"post","2":"type-post","3":"status-publish","4":"format-standard","5":"has-post-thumbnail","7":"category-sports","8":"tag-fr","9":"tag-france","10":"tag-psg-atletico-madrid","11":"tag-sports","12":"tag-une"},"share_on_mastodon":{"url":"https:\/\/pubeurope.com\/@fr\/114669178412593001","error":""},"_links":{"self":[{"href":"https:\/\/www.europesays.com\/fr\/wp-json\/wp\/v2\/posts\/170217","targetHints":{"allow":["GET"]}}],"collection":[{"href":"https:\/\/www.europesays.com\/fr\/wp-json\/wp\/v2\/posts"}],"about":[{"href":"https:\/\/www.europesays.com\/fr\/wp-json\/wp\/v2\/types\/post"}],"author":[{"embeddable":true,"href":"https:\/\/www.europesays.com\/fr\/wp-json\/wp\/v2\/users\/2"}],"replies":[{"embeddable":true,"href":"https:\/\/www.europesays.com\/fr\/wp-json\/wp\/v2\/comments?post=170217"}],"version-history":[{"count":0,"href":"https:\/\/www.europesays.com\/fr\/wp-json\/wp\/v2\/posts\/170217\/revisions"}],"wp:featuredmedia":[{"embeddable":true,"href":"https:\/\/www.europesays.com\/fr\/wp-json\/wp\/v2\/media\/170218"}],"wp:attachment":[{"href":"https:\/\/www.europesays.com\/fr\/wp-json\/wp\/v2\/media?parent=170217"}],"wp:term":[{"taxonomy":"category","embeddable":true,"href":"https:\/\/www.europesays.com\/fr\/wp-json\/wp\/v2\/categories?post=170217"},{"taxonomy":"post_tag","embeddable":true,"href":"https:\/\/www.europesays.com\/fr\/wp-json\/wp\/v2\/tags?post=170217"}],"curies":[{"name":"wp","href":"https:\/\/api.w.org\/{rel}","templated":true}]}}