{"id":170223,"date":"2025-06-12T07:21:09","date_gmt":"2025-06-12T07:21:09","guid":{"rendered":"https:\/\/www.europesays.com\/fr\/170223\/"},"modified":"2025-06-12T07:21:09","modified_gmt":"2025-06-12T07:21:09","slug":"robert-kennedy-jr-nomme-la-star-des-antivax-robert-malone-dans-son-equipe-chargee-des-vaccins","status":"publish","type":"post","link":"https:\/\/www.europesays.com\/fr\/170223\/","title":{"rendered":"Robert\u00a0Kennedy\u00a0Jr. nomme la star des \u00ab\u00a0antivax\u00a0\u00bb Robert Malone dans son \u00e9quipe charg\u00e9e des vaccins"},"content":{"rendered":"<p>        <img decoding=\"async\" loading=\"lazy\" src=\"https:\/\/www.europesays.com\/fr\/wp-content\/uploads\/2025\/06\/58651c7_sirius-fs-upload-1-sbpqaq4znbia-1746203925714-063-2210603938.jpg\"  width=\"728\" height=\"409\" alt=\"Le neveu de l\u2019ancien pr\u00e9sident am\u00e9ricain d\u00e9mocrate poursuit son virage antivax avec cette nouvelle nomination aussi probl\u00e9matique qu\u2019inqui\u00e9tante.\"\/>  <\/p>\n<p>ALEX WONG \/ Getty Images via AFP<\/p>\n<p>Le neveu de l\u2019ancien pr\u00e9sident am\u00e9ricain d\u00e9mocrate poursuit son virage antivax avec cette nouvelle nomination aussi probl\u00e9matique qu\u2019inqui\u00e9tante.<\/p>\n<p class=\"asset asset-text\">INTERNATIONAL &#8211; Contest\u00e9 aux \u00c9tats-Unis pour ses positions vaccinosceptiques, le ministre am\u00e9ricain de la Sant\u00e9 <a href=\"https:\/\/www.huffingtonpost.fr\/international\/article\/robert-f-kennedy-jr-le-ministre-de-la-sante-de-donald-trump-filme-sous-la-douche-dans-une-video-promo_242959.html\" target=\"_blank\" rel=\"noopener\">Robert\u00a0Kennedy\u00a0Jr.<\/a> a nomm\u00e9 ce mercredi 11\u00a0juin de nouvelles t\u00eates, parmi lesquelles\u2026 un biochimiste coqueluche des antivax. Deux jours apr\u00e8s avoir <a href=\"https:\/\/www.huffingtonpost.fr\/international\/article\/robert-kennedy-jr-vire-des-experts-des-vaccins-nouvelle-illustration-de-sa-politique-antivax_251142.html\" target=\"_blank\" rel=\"noopener\">abruptement cong\u00e9di\u00e9 tout un groupe consultatif d\u2019experts<\/a> sur les vaccins.<\/p>\n<p class=\"asset asset-text\"><a href=\"https:\/\/www.huffingtonpost.fr\/international\/article\/la-maison-blanche-a-eu-bien-du-mal-a-se-justifier-face-a-ce-rapport-de-sante-bacle_250685.html\" target=\"_blank\" rel=\"noopener\">Le ministre de Donald Trump<\/a> avait renvoy\u00e9 lundi les 17 experts membres d\u2019un comit\u00e9 consultatif cl\u00e9 des CDC, principale agence sanitaire du pays, en les accusant d\u2019avoir des conflits d\u2019int\u00e9r\u00eats financiers avec les laboratoires pharmaceutiques. Cette mesure, in\u00e9dite, avait \u00e9t\u00e9 vivement critiqu\u00e9e par l\u2019opposition d\u00e9mocrate tout comme par plusieurs experts et instances sanitaires renomm\u00e9es, s\u2019inqui\u00e9tant d\u2019une attaque contre l\u2019expertise m\u00e9dicale.<\/p>\n<p class=\"asset asset-text\">Mais rien ne semble inqui\u00e9ter le neveu de l\u2019ancien pr\u00e9sident des \u00c9tats-Unis. Raison pour laquelle il a annonc\u00e9 ce mercredi sur les r\u00e9seaux sociaux avoir nomm\u00e9 huit nouvelles personnes au Comit\u00e9 consultatif sur les pratiques de vaccination (ACIP). Tous pr\u00e9sent\u00e9s comme des \u00ab\u00a0scientifiques hautement qualifi\u00e9s, des experts de premier plan en sant\u00e9 publique et certains des m\u00e9decins les plus accomplis des \u00c9tats-Unis\u00a0\u00bb, selon les propos du ministre am\u00e9ricain, qui a \u00e9galement publi\u00e9 <a href=\"https:\/\/x.com\/SecKennedy\/status\/1932899858920120692\" target=\"_blank\" rel=\"noopener\" title=\"Nouvelle fen\u00eatre\">la liste de leurs noms accompagn\u00e9s d\u2019une br\u00e8ve biographie<\/a>.<\/p>\n<p class=\"asset asset-text\">\u00ab\u00a0Tous ces individus sont engag\u00e9s envers une m\u00e9decine fond\u00e9e sur des preuves, une science de r\u00e9f\u00e9rence et le bon sens\u00a0\u00bb, a-t-il poursuivi, assurant qu\u2019ils exigeraient \u00ab\u00a0des donn\u00e9es d\u00e9finitives sur la s\u00e9curit\u00e9 et l\u2019efficacit\u00e9\u00a0\u00bb des vaccins \u00ab\u00a0avant de formuler de nouvelles recommandations\u00a0\u00bb.<\/p>\n<p>                     De l\u2019ARN messager au milieu antivax    <\/p>\n<p class=\"asset asset-text\">Une brochette d\u2019expert au sein de laquelle on compte un p\u00e9diatre infectiologue ayant d\u00e9j\u00e0 conseill\u00e9 les CDC, un biostatiticien s\u2019\u00e9tant publiquement oppos\u00e9 lors de la pand\u00e9mie de Covid-19 aux confinements promus par les autorit\u00e9s publiques ainsi qu\u2019un biochimiste ador\u00e9 des antivaccins.<\/p>\n<p class=\"asset asset-text\">Ce dernier s\u2019appelle Robert Malone. Un scientifique dont les travaux de recherche \u00e0 la fin des ann\u00e9es 1980 ont contribu\u00e9 au d\u00e9veloppement des vaccins \u00e0 ARN messager avant de se faire une place au sein du milieu antivax lors de la pand\u00e9mie en relayant des th\u00e8ses alarmistes et non \u00e9tay\u00e9es \u00e0 propos des vaccins.<\/p>\n<p class=\"asset asset-text\">Son entr\u00e9e dans cet important comit\u00e9 consultatif survient alors que le ministre am\u00e9ricain multiplie les efforts pour refa\u00e7onner la politique vaccinale du pays. RFK Jr. s\u2019est fait ces derni\u00e8res ann\u00e9es le <a href=\"https:\/\/www.huffingtonpost.fr\/international\/video\/le-ministre-de-la-sante-de-trump-soutient-qu-il-y-a-du-f-tus-dans-le-vaccin-contre-la-rougeole-une-fake-news-antivax_249550.html\" target=\"_blank\" rel=\"noopener\">relais de nombreuses th\u00e9ories du complot sur les vaccins<\/a> contre le Covid-19 comme sur <a href=\"https:\/\/www.huffingtonpost.fr\/international\/article\/une-epidemie-d-autisme-comme-l-affirme-robert-f-kennedy-jr-on-fait-le-point_248700.html\" target=\"_blank\" rel=\"noopener\">de pr\u00e9tendus liens entre vaccination et autisme<\/a>, notamment par le biais de l\u2019organisation Children\u2019s Health Defense qu\u2019il a cofond\u00e9e.<\/p>\n<p class=\"asset asset-text\">Il a notamment sugg\u00e9r\u00e9 que le virus du Covid-19 \u00e9tait \u00ab\u00a0ethniquement cibl\u00e9\u00a0\u00bb pour nuire aux personnes noires et aux personnes blanches tout en \u00e9pargnant les \u00ab\u00a0Ashk\u00e9nazes et les Chinois\u00a0\u00bb.<\/p>\n","protected":false},"excerpt":{"rendered":"ALEX WONG \/ Getty Images via AFP Le neveu de l\u2019ancien pr\u00e9sident am\u00e9ricain d\u00e9mocrate poursuit son virage antivax&hellip;\n","protected":false},"author":2,"featured_media":170224,"comment_status":"","ping_status":"","sticky":false,"template":"","format":"standard","meta":{"footnotes":""},"categories":[6],"tags":[35,75,33,34,73,1011,27,14,30466,773],"class_list":{"0":"post-170223","1":"post","2":"type-post","3":"status-publish","4":"format-standard","5":"has-post-thumbnail","7":"category-economie","8":"tag-business","9":"tag-donald-trump","10":"tag-economie","11":"tag-economy","12":"tag-etats-unis","13":"tag-fr","14":"tag-france","15":"tag-international","16":"tag-kennedy","17":"tag-vaccin"},"share_on_mastodon":{"url":"https:\/\/pubeurope.com\/@fr\/114669190445527895","error":""},"_links":{"self":[{"href":"https:\/\/www.europesays.com\/fr\/wp-json\/wp\/v2\/posts\/170223","targetHints":{"allow":["GET"]}}],"collection":[{"href":"https:\/\/www.europesays.com\/fr\/wp-json\/wp\/v2\/posts"}],"about":[{"href":"https:\/\/www.europesays.com\/fr\/wp-json\/wp\/v2\/types\/post"}],"author":[{"embeddable":true,"href":"https:\/\/www.europesays.com\/fr\/wp-json\/wp\/v2\/users\/2"}],"replies":[{"embeddable":true,"href":"https:\/\/www.europesays.com\/fr\/wp-json\/wp\/v2\/comments?post=170223"}],"version-history":[{"count":0,"href":"https:\/\/www.europesays.com\/fr\/wp-json\/wp\/v2\/posts\/170223\/revisions"}],"wp:featuredmedia":[{"embeddable":true,"href":"https:\/\/www.europesays.com\/fr\/wp-json\/wp\/v2\/media\/170224"}],"wp:attachment":[{"href":"https:\/\/www.europesays.com\/fr\/wp-json\/wp\/v2\/media?parent=170223"}],"wp:term":[{"taxonomy":"category","embeddable":true,"href":"https:\/\/www.europesays.com\/fr\/wp-json\/wp\/v2\/categories?post=170223"},{"taxonomy":"post_tag","embeddable":true,"href":"https:\/\/www.europesays.com\/fr\/wp-json\/wp\/v2\/tags?post=170223"}],"curies":[{"name":"wp","href":"https:\/\/api.w.org\/{rel}","templated":true}]}}