{"id":170225,"date":"2025-06-12T07:22:15","date_gmt":"2025-06-12T07:22:15","guid":{"rendered":"https:\/\/www.europesays.com\/fr\/170225\/"},"modified":"2025-06-12T07:22:15","modified_gmt":"2025-06-12T07:22:15","slug":"trump-annonce-que-les-etats-unis-evacuent-du-personnel-diplomatique-sur-fond-de-danger-au-moyen-orient","status":"publish","type":"post","link":"https:\/\/www.europesays.com\/fr\/170225\/","title":{"rendered":"Trump annonce que les \u00c9tats-Unis \u00e9vacuent du personnel diplomatique, sur fond de \u00ab\u00a0danger\u00a0\u00bb au Moyen-Orient"},"content":{"rendered":"<p>        <img decoding=\"async\" loading=\"lazy\" src=\"https:\/\/www.europesays.com\/fr\/wp-content\/uploads\/2025\/06\/37908f1_upload-1-1aqlr44vvf2h-000-36qb4gq.jpg\"  width=\"728\" height=\"410\" alt=\"Sur fond de \u00ab\u00a0danger\u00a0\u00bb au Moyen-Orient, les \u00c9tats-Unis \u00e9vacuent du personnel diplomatique. (Photo d\u2019illustration d\u2019h\u00e9licopt\u00e8res am\u00e9ricains survolant Bagdad en direction du si\u00e8ge de l\u2019ambassade am\u00e9ricaine)\"\/>  <\/p>\n<p>ANDREW CABALLERO-REYNOLDS \/ AFP<\/p>\n<p>Sur fond de \u00ab\u00a0danger\u00a0\u00bb au Moyen-Orient, les \u00c9tats-Unis \u00e9vacuent du personnel diplomatique. (Photo d\u2019illustration d\u2019h\u00e9licopt\u00e8res am\u00e9ricains survolant Bagdad en direction du si\u00e8ge de l\u2019ambassade am\u00e9ricaine)<\/p>\n<p class=\"asset asset-text\">INTERNATIONAL &#8211; Les ambassades et bases militaires am\u00e9ricaines sont en \u00e9tat d\u2019alerte. <a href=\"https:\/\/www.huffingtonpost.fr\/international\/video\/gavin-newson-a-enfile-la-casquette-d-opposant-n-1-a-donald-trump-avec-cette-allocution-a-la-tele_251232.html\" target=\"_blank\" rel=\"noopener\" title=\"Nouvelle fen\u00eatre\">Donald Trump <\/a>a annonc\u00e9 ce mercredi 11\u00a0juin que les<a href=\"https:\/\/www.huffingtonpost.fr\/international\/article\/cet-americain-avait-trouve-une-faille-pour-prendre-l-avion-gratuitement-il-risque-maintenant-gros_251210.html\" target=\"_blank\" rel=\"noopener\" title=\"Nouvelle fen\u00eatre\"> \u00c9tats-Unis<\/a> d\u00e9pla\u00e7aient du personnel du Moyen-Orient \u00e0 cause du possible \u00ab\u00a0danger\u00a0\u00bb dans la r\u00e9gion, sur fond de tensions avec l\u2019<a href=\"https:\/\/www.huffingtonpost.fr\/international\/article\/la-palme-d-or-vire-en-tension-diplomatique-entre-l-iran-et-la-france_250500.html\" target=\"_blank\" rel=\"noopener\" title=\"Nouvelle fen\u00eatre\">Iran<\/a>. Le Washington Post souligne \u00e9galement la crainte des autorit\u00e9s d\u2019une <a href=\"https:\/\/www.washingtonpost.com\/politics\/2025\/06\/11\/state-department-embassy-baghdad\/e8d1a6a6-46ec-11f0-9210-87ee82efcc80_story.html\" target=\"_blank\" rel=\"noopener\" title=\"Nouvelle fen\u00eatre\">\u00ab\u00a0attaque isra\u00e9lienne contre l\u2019Iran\u00a0\u00bb.<\/a><\/p>\n<p class=\"asset asset-text\">\u00ab\u00a0Ils sont en train d\u2019\u00eatre d\u00e9plac\u00e9s parce que cela pourrait \u00eatre un endroit dangereux\u00a0\u00bb, a d\u00e9clar\u00e9 le pr\u00e9sident am\u00e9ricain \u00e0 des journalistes alors qu\u2019il assistait \u00e0 une repr\u00e9sentation des Mis\u00e9rables au Kennedy Center, \u00e0 Washington.<\/p>\n<p class=\"asset asset-text\">L\u2019agence de s\u00e9curit\u00e9 maritime UKMTO, g\u00e9r\u00e9e par la marine britannique, a, pour sa part, publi\u00e9 une note d\u2019information alertant sur \u00ab\u00a0la mont\u00e9e des tensions\u00a0\u00bb au Moyen-Orient, susceptible d\u2019entra\u00eener \u00ab\u00a0une escalade des activit\u00e9s militaires avec un impact direct sur les marins\u00a0\u00bb.<\/p>\n<p>    Les n\u00e9gociations sur le programme nucl\u00e9aire iranien au point mort    <\/p>\n<p class=\"asset asset-text\">Plus t\u00f4t, des responsables am\u00e9ricains avaient indiqu\u00e9 r\u00e9duire les effectifs de l\u2019ambassade en Irak pour des raisons de s\u00e9curit\u00e9. \u00ab\u00a0Le personnel non essentiel de l\u2019ambassade am\u00e9ricaine \u00e0 Bagdad et leurs familles sont en train d\u2019\u00eatre \u00e9vacu\u00e9s d\u2019Irak en raison d\u2019une aggravation des risques s\u00e9curitaires\u00a0\u00bb, ont annonc\u00e9 des sources gouvernementales am\u00e9ricaines, cit\u00e9es par <a href=\"https:\/\/www.bbc.com\/news\/articles\/c629yk5z07vo\" target=\"_blank\" rel=\"noopener\" title=\"Nouvelle fen\u00eatre\">BBC News<\/a>.<\/p>\n<p class=\"asset asset-text\">Le d\u00e9partement autorise \u00e9galement le d\u00e9part du personnel non essentiel et des membres de leur famille des ambassades de Bahre\u00efn et du Kowe\u00eft, pointe le Washington Post.<\/p>\n<p class=\"asset asset-text\">Les responsables n\u2019ont pas pr\u00e9cis\u00e9 les raisons exactes de cette \u00e9vacuation, mais les n\u00e9gociations sur le programme nucl\u00e9aire iranien semblent \u00eatre au point mort depuis quelques jours.<\/p>\n<p class=\"asset asset-text\">Les deux pays tentent de s\u2019entendre sur un potentiel texte qui emp\u00eacherait l\u2019Iran de se doter de l\u2019arme atomique -une ambition que T\u00e9h\u00e9ran se d\u00e9fend farouchement de nourrir- en \u00e9change d\u2019une lev\u00e9e des sanctions qui paralysent son \u00e9conomie. Les discussions butent notamment sur la question de l\u2019enrichissement d\u2019uranium.\u00a0Les \u00c9tats-Unis exigent que l\u2019Iran y renonce totalement, ce que T\u00e9h\u00e9ran\u00a0refuse, affirmant en avoir le droit en vertu du Trait\u00e9 de non-prolif\u00e9ration nucl\u00e9aire (TNP) dont il est signataire.<\/p>\n<p class=\"asset asset-text\">Et l\u2019Iran a menac\u00e9 de frapper les bases militaires en cas de conflit cons\u00e9cutif \u00e0 un \u00e9chec des n\u00e9gociations entre les deux pays. Si \u00ab\u00a0un conflit nous est impos\u00e9, l\u2019autre camp subira assur\u00e9ment plus de pertes que nous\u00a0\u00bb, a d\u00e9clar\u00e9 le ministre iranien de la D\u00e9fense, Aziz Nasirzadeh. \u00ab\u00a0Leurs bases sont \u00e0 notre port\u00e9e\u00a0\u00bb et \u00ab\u00a0les \u00c9tats-Unis devront quitter la r\u00e9gion\u00a0\u00bb, a-t-il ajout\u00e9.<\/p>\n<p class=\"asset asset-text\">Depuis des mois, des responsables am\u00e9ricains ne cachent plus leur crainte \u00e0 l\u2019id\u00e9e qu\u2019Isra\u00ebl d\u00e9cide de son c\u00f4t\u00e9 de frapper les installations nucl\u00e9aires iraniennes sans l\u2019accord des \u00c9tats-Unis. Une telle agression compromettrait les d\u00e9licates n\u00e9gociations nucl\u00e9aires men\u00e9es et entra\u00eenerait des repr\u00e9sailles iraniennes contre les int\u00e9r\u00eats am\u00e9ricains dans la r\u00e9gion.<\/p>\n<p class=\"asset asset-text\">Ces \u00e9vacuations partielles interviennent aussi \u00e0 un moment o\u00f9 les tensions sont vives dans une r\u00e9gion d\u00e9j\u00e0 en proie \u00e0 la guerre depuis 18 mois \u00e0 Gaza, ce qui fait craindre une extension du conflit plus large opposant les \u00c9tats-Unis et Isra\u00ebl \u00e0 l\u2019Iran et ses alli\u00e9s.<\/p>\n","protected":false},"excerpt":{"rendered":"ANDREW CABALLERO-REYNOLDS \/ AFP Sur fond de \u00ab\u00a0danger\u00a0\u00bb au Moyen-Orient, les \u00c9tats-Unis \u00e9vacuent du personnel diplomatique. (Photo d\u2019illustration&hellip;\n","protected":false},"author":2,"featured_media":170226,"comment_status":"","ping_status":"","sticky":false,"template":"","format":"standard","meta":{"footnotes":""},"categories":[5],"tags":[11,8539,75,73,1011,27,14,4366,3019,12,3020,28],"class_list":{"0":"post-170225","1":"post","2":"type-post","3":"status-publish","4":"format-standard","5":"has-post-thumbnail","7":"category-international","8":"tag-actualites","9":"tag-ambassade","10":"tag-donald-trump","11":"tag-etats-unis","12":"tag-fr","13":"tag-france","14":"tag-international","15":"tag-irak","16":"tag-iran","17":"tag-news","18":"tag-nucleaire-iranien","19":"tag-world"},"share_on_mastodon":{"url":"https:\/\/pubeurope.com\/@fr\/114669194118778948","error":""},"_links":{"self":[{"href":"https:\/\/www.europesays.com\/fr\/wp-json\/wp\/v2\/posts\/170225","targetHints":{"allow":["GET"]}}],"collection":[{"href":"https:\/\/www.europesays.com\/fr\/wp-json\/wp\/v2\/posts"}],"about":[{"href":"https:\/\/www.europesays.com\/fr\/wp-json\/wp\/v2\/types\/post"}],"author":[{"embeddable":true,"href":"https:\/\/www.europesays.com\/fr\/wp-json\/wp\/v2\/users\/2"}],"replies":[{"embeddable":true,"href":"https:\/\/www.europesays.com\/fr\/wp-json\/wp\/v2\/comments?post=170225"}],"version-history":[{"count":0,"href":"https:\/\/www.europesays.com\/fr\/wp-json\/wp\/v2\/posts\/170225\/revisions"}],"wp:featuredmedia":[{"embeddable":true,"href":"https:\/\/www.europesays.com\/fr\/wp-json\/wp\/v2\/media\/170226"}],"wp:attachment":[{"href":"https:\/\/www.europesays.com\/fr\/wp-json\/wp\/v2\/media?parent=170225"}],"wp:term":[{"taxonomy":"category","embeddable":true,"href":"https:\/\/www.europesays.com\/fr\/wp-json\/wp\/v2\/categories?post=170225"},{"taxonomy":"post_tag","embeddable":true,"href":"https:\/\/www.europesays.com\/fr\/wp-json\/wp\/v2\/tags?post=170225"}],"curies":[{"name":"wp","href":"https:\/\/api.w.org\/{rel}","templated":true}]}}