{"id":170227,"date":"2025-06-12T07:23:09","date_gmt":"2025-06-12T07:23:09","guid":{"rendered":"https:\/\/www.europesays.com\/fr\/170227\/"},"modified":"2025-06-12T07:23:09","modified_gmt":"2025-06-12T07:23:09","slug":"les-ados-commettent-ils-plus-dhomicides-quavant-ce-que-disent-les-statistiques","status":"publish","type":"post","link":"https:\/\/www.europesays.com\/fr\/170227\/","title":{"rendered":"Les ados commettent-ils plus d\u2019homicides qu\u2019avant\u00a0? Ce que disent les statistiques"},"content":{"rendered":"<p>La stupeur a laiss\u00e9 place \u00e0 l\u2019incompr\u00e9hension. Mardi matin, dans un coll\u00e8ge sans histoire de Nogent &#8211; une petite ville \u00e9galement sans histoire de Haute-Marne \u2013, un <a href=\"https:\/\/www.20minutes.fr\/societe\/4157884-20250611-surveillante-tuee-couteau-nogent-referent-harcelement-exclu-deux-reprises-sait-jeune-suspect\" target=\"_blank\" class=\"color-ultramarine c-link\" rel=\"noopener\">adolescent de 14 ans, que tous qualifiaient jusqu\u2019alors de sans histoire, a poignard\u00e9 \u00e0 mort M\u00e9lanie G<\/a>., une assistante d\u2019\u00e9ducation de 31 ans. En garde \u00e0 vue, le suspect est apparu, d\u2019apr\u00e8s le procureur de la R\u00e9publique de Chaumont, \u00ab\u00a0d\u00e9tach\u00e9, tant au regard de la gravit\u00e9 des faits que des cons\u00e9quences pour lui-m\u00eame\u00a0\u00bb. Selon le magistrat, qui a insist\u00e9 sur l\u2019absence de pathologie psychiatrique, le coll\u00e9gien &#8211; d\u00e9crit comme \u00ab\u00a0bon \u00e9l\u00e8ve\u00a0\u00bb, \u00ab\u00a0int\u00e9gr\u00e9\u00a0\u00bb et \u00ab\u00a0sociable\u00a0\u00bb &#8211; n\u2019a exprim\u00e9 ni regret, ni compassion. <a href=\"https:\/\/www.20minutes.fr\/faits_divers\/4158001-20250611-surveillante-tuee-couteau-nogent-premeditation-absence-compassion-collegien-point-enquete\" target=\"_blank\" class=\"color-ultramarine c-link\" rel=\"noopener\">Il a simplement expliqu\u00e9 qu\u2019il avait planifi\u00e9 de s\u2019en prendre \u00e0 une surveillante<\/a> \u2013 sans en viser une sp\u00e9cifiquement \u2013, s\u2019estimant victime d\u2019un traitement diff\u00e9rent des autres \u00e9l\u00e8ves.<\/p>\n<p>Quel regard porter sur une telle affaire\u00a0? Selon un sondage paru au lendemain du drame sur <a href=\"https:\/\/www.bfmtv.com\/societe\/education\/sondage-bfmtv-huit-parents-sur-10-sont-souvent-ou-de-temps-en-temps-inquiets-pour-la-securite-de-leurs-enfants_AN-202506110598.html\" rel=\"nofollow noopener\" target=\"_blank\" class=\"color-ultramarine c-link\">BFM<\/a>*, 87\u00a0% des personnes interrog\u00e9es estiment que ce drame traduit une \u00ab\u00a0mont\u00e9e r\u00e9elle de la violence des mineurs\u00a0\u00bb. Ce crime fait effectivement \u00e9cho \u00e0 plusieurs affaires survenues ces derni\u00e8res semaines. Le <a href=\"https:\/\/www.20minutes.fr\/faits_divers\/4150180-20250424-nantes-eleve-decede-trois-autres-blesses-apres-attaque-couteau-lycee\" target=\"_blank\" class=\"color-ultramarine c-link\" rel=\"noopener\">meurtre d\u2019une lyc\u00e9enne \u00e0 Nantes par un de ses camarades<\/a>, fin avril. La mise en examen, la semaine derni\u00e8re, d\u2019un <a href=\"https:\/\/www.20minutes.fr\/faits_divers\/4157513-20250608-mineur-tue-dax-suspect-16-ans-mis-examen-place-detention-provisoire\" target=\"_blank\" class=\"color-ultramarine c-link\" rel=\"noopener\">jeune de 16 ans pour l\u2019assassinat \u00e0 Dax, le soir de la victoire du PSG, d\u2019un ado de 17 ans<\/a>. \u00ab\u00a0Un fait ne fait pas forc\u00e9ment une tendance. Lorsqu\u2019il y a un accident d\u2019avion, cela ne signifie pas que la s\u00e9curit\u00e9 a\u00e9rienne dans son ensemble est d\u00e9faillante\u00a0\u00bb, pr\u00e9vient d\u2019embl\u00e9e S\u00e9bastian Roch\u00e9, directeur de recherche au CNRS et auteur de La nation inachev\u00e9e\u00a0: la jeunesse face \u00e0 l\u2019\u00e9cole et la police**.<\/p>\n<\/p>\n<p>Une l\u00e9g\u00e8re augmentation des mineurs impliqu\u00e9s dans des homicides, mais\u2026<\/p>\n<p>Alors, que disent les chiffres\u00a0? Les <a href=\"https:\/\/www.interieur.gouv.fr\/Interstats\/Actualites\/Insecurite-et-delinquance-en-2024-Premiere-photographie-et-atlas-departemental\" rel=\"nofollow noopener\" target=\"_blank\" class=\"color-ultramarine c-link\">donn\u00e9es compil\u00e9es par le SSMSI<\/a> \u2013 le service statistique du minist\u00e8re de l\u2019Int\u00e9rieur \u2013 font \u00e9tat d\u2019une baisse globale de la d\u00e9linquance des mineurs. Entre\u00a02017 et\u00a02024 dans cette cat\u00e9gorie d\u2019\u00e2ges, les mis en cause pour des violences volontaires ou de vols avec arme ont diminu\u00e9 de 6\u00a0%\u00a0; ceux soup\u00e7onn\u00e9s dans les affaires de vols violents ont presque diminu\u00e9 de moiti\u00e9. La principale augmentation concerne les violences sexuelles, +\u00a0104\u00a0% sur la p\u00e9riode. \u00ab\u00a0Cela ne signifie pas que les atteintes \u00e0 caract\u00e8re sexuel ont augment\u00e9 d\u2019autant, car ce sont des affaires qui sont de mieux en mieux identifi\u00e9es, et donc de plus signal\u00e9es\u00a0\u00bb, pr\u00e9cise le sociologue.<\/p>\n<p>Quid des affaires d\u2019homicides\u00a0? Depuis\u00a02017, le nombre d\u2019ados \u00e2g\u00e9s de 13 \u00e0 17 ans mis en cause dans ces dossiers a l\u00e9g\u00e8rement augment\u00e9, selon les chiffres du SSMSI. Il y a huit ans, 82 mineurs ont \u00e9t\u00e9 impliqu\u00e9s dans une affaire de meurtre ou de violences volontaires ayant entra\u00een\u00e9 la mort. En\u00a02022, 2023 et 2024, ce chiffre a oscill\u00e9 entre 119 et 129.<\/p>\n<p>Mais ces statistiques sont \u00e0 relativiser car dans le m\u00eame temps, le nombre total d\u2019homicides a \u00e9galement augment\u00e9. Ainsi, la part des mineurs mis en cause dans des homicides est rest\u00e9e relativement stable pendant toute cette p\u00e9riode, entre 7 et 10\u00a0%. Quant aux chiffres du minist\u00e8re de la Justice compil\u00e9s par <a href=\"https:\/\/www.franceinfo.fr\/replay-radio\/le-vrai-du-faux\/vrai-ou-faux-y-a-t-il-vraiment-de-plus-en-plus-d-homicides-commis-par-des-mineurs-comme-l-affirme-fabien-roussel_6451420.html\" rel=\"nofollow noopener\" target=\"_blank\" class=\"color-ultramarine c-link\">France Info<\/a>, ils indiquent que les mineurs repr\u00e9sentent en moyenne 6\u00a0% des condamnations pour meurtre, un chiffre \u00e9galement stable depuis dix ans.<\/p>\n<p>Des rivalit\u00e9s entre ados au c\u0153ur de ces meurtres<\/p>\n<p>Contrairement aux discours souvent v\u00e9hicul\u00e9s par des commentateurs, les statistiques ne montrent pas de rajeunissement des mis en cause pour meurtres. Depuis dix ans, les chiffres sont stables\u00a0: les auteurs d\u2019homicides \u00e2g\u00e9s de moins de 13 ans se comptent chaque ann\u00e9e sur les doigts d\u2019une main. En\u00a02021 et\u00a02023, il n\u2019y en a eu aucun. \u00ab\u00a0L\u2019essentiel des auteurs d\u2019homicides mineurs a 16 ou 17 ans\u00a0\u00bb, assure S\u00e9bastian Roch\u00e9, qui a \u00e9pluch\u00e9 de nombreux dossiers. Les statistiques soulignent \u00e9galement la tr\u00e8s large surrepr\u00e9sentation des gar\u00e7ons par rapport aux filles dans ces dossiers\u00a0: ils repr\u00e9sentent plus de neuf mis en cause sur dix, selon les chiffres du minist\u00e8re de l\u2019Int\u00e9rieur.<\/p>\n<p>\u00ab\u00a0La majorit\u00e9 de ces affaires concernent des ados qui se tuent entre eux, dans le cadre d\u2019une rivalit\u00e9 amoureuse ou dans un contexte de bandes\u00a0\u00bb, assure S\u00e9bastian Roch\u00e9. Les homicides \u00e0 \u00ab\u00a0but acquisitif\u00a0\u00bb sont bien plus rares \u00e0 ces \u00e2ges-l\u00e0. Quid du ph\u00e9nom\u00e8ne des ados recrut\u00e9s pour jouer les tueurs \u00e0 gages\u00a0? En mai, Europol a alert\u00e9 l\u2019opinion sur ce ph\u00e9nom\u00e8ne venu des pays nordiques et qui touche d\u00e9sormais toute l\u2019Europe. En octobre dernier, un ado de 14 ans a abattu de sang-froid un chauffeur de taxi \u00e0 Marseille. \u00ab\u00a0C\u2019est une r\u00e9alit\u00e9 mais cela ne repr\u00e9sente \u2013 et heureusement &#8211; qu\u2019une poign\u00e9e d\u2019affaires chaque ann\u00e9e\u00a0\u00bb, insiste le sociologue.<\/p>\n<p>* Sondage BFM\/Elabe, r\u00e9alis\u00e9 \u00e0 partir d\u2019un \u00e9chantillon de 1.000 personnes<\/p>\n<p>** S\u00e9bastian Roch\u00e9 est l\u2019auteur de \u00ab\u00a0La nation inachev\u00e9e\u00a0: la jeunesse face \u00e0 l\u2019\u00e9cole et la police\u00a0\u00bb, aux \u00e9ditions Grasset, publi\u00e9 en\u00a02022<\/p>\n","protected":false},"excerpt":{"rendered":"La stupeur a laiss\u00e9 place \u00e0 l\u2019incompr\u00e9hension. Mardi matin, dans un coll\u00e8ge sans histoire de Nogent &#8211; une&hellip;\n","protected":false},"author":2,"featured_media":170228,"comment_status":"","ping_status":"","sticky":false,"template":"","format":"standard","meta":{"footnotes":""},"categories":[4],"tags":[47,11,1084,118,1011,27,775,30237,777,1123,12,25],"class_list":{"0":"post-170227","1":"post","2":"type-post","3":"status-publish","4":"format-standard","5":"has-post-thumbnail","7":"category-france","8":"tag-actualite","9":"tag-actualites","10":"tag-adolescent","11":"tag-faits-divers","12":"tag-fr","13":"tag-france","14":"tag-grand-est","15":"tag-haute-marne","16":"tag-meurtre","17":"tag-mineur","18":"tag-news","19":"tag-republique-francaise"},"share_on_mastodon":{"url":"https:\/\/pubeurope.com\/@fr\/114669197964888482","error":""},"_links":{"self":[{"href":"https:\/\/www.europesays.com\/fr\/wp-json\/wp\/v2\/posts\/170227","targetHints":{"allow":["GET"]}}],"collection":[{"href":"https:\/\/www.europesays.com\/fr\/wp-json\/wp\/v2\/posts"}],"about":[{"href":"https:\/\/www.europesays.com\/fr\/wp-json\/wp\/v2\/types\/post"}],"author":[{"embeddable":true,"href":"https:\/\/www.europesays.com\/fr\/wp-json\/wp\/v2\/users\/2"}],"replies":[{"embeddable":true,"href":"https:\/\/www.europesays.com\/fr\/wp-json\/wp\/v2\/comments?post=170227"}],"version-history":[{"count":0,"href":"https:\/\/www.europesays.com\/fr\/wp-json\/wp\/v2\/posts\/170227\/revisions"}],"wp:featuredmedia":[{"embeddable":true,"href":"https:\/\/www.europesays.com\/fr\/wp-json\/wp\/v2\/media\/170228"}],"wp:attachment":[{"href":"https:\/\/www.europesays.com\/fr\/wp-json\/wp\/v2\/media?parent=170227"}],"wp:term":[{"taxonomy":"category","embeddable":true,"href":"https:\/\/www.europesays.com\/fr\/wp-json\/wp\/v2\/categories?post=170227"},{"taxonomy":"post_tag","embeddable":true,"href":"https:\/\/www.europesays.com\/fr\/wp-json\/wp\/v2\/tags?post=170227"}],"curies":[{"name":"wp","href":"https:\/\/api.w.org\/{rel}","templated":true}]}}