{"id":170257,"date":"2025-06-12T07:42:09","date_gmt":"2025-06-12T07:42:09","guid":{"rendered":"https:\/\/www.europesays.com\/fr\/170257\/"},"modified":"2025-06-12T07:42:09","modified_gmt":"2025-06-12T07:42:09","slug":"circulation-tres-compliquee-sur-lautoroute-a8-avec-14-kilometres-de-bouchon-sur-la-cote-dazur","status":"publish","type":"post","link":"https:\/\/www.europesays.com\/fr\/170257\/","title":{"rendered":"Circulation tr\u00e8s compliqu\u00e9e sur l&rsquo;autoroute A8 avec 14 kilom\u00e8tres de bouchon sur la C\u00f4te d&rsquo;Azur"},"content":{"rendered":"<p>Prudence et patience pour les usagers de l&rsquo;<strong>autoroute A8<\/strong>.\u00a0<\/p>\n<p>Comme c&rsquo;est souvent le cas \u00e0 cette heure de pointe matinale, un embouteillage de 14 kilom\u00e8tres s&rsquo;est form\u00e9 ce jeudi 12 juin 2025 en <strong>direction de l&rsquo;Italie<\/strong>.\u00a0<\/p>\n<p>Le bouchon remonte jusqu&rsquo;\u00e0 Cannes et se disperse apr\u00e8s Nice Ouest (sortie n\u00b050), englobant le p\u00e9age d&rsquo;Antibes.\u00a0<\/p>\n<p>\u00c0 8 heures, le temps de parcours \u00e9tait <strong>allong\u00e9 de\u00a030 minutes<\/strong> en raison de cette difficult\u00e9.<\/p>\n","protected":false},"excerpt":{"rendered":"Prudence et patience pour les usagers de l&rsquo;autoroute A8.\u00a0 Comme c&rsquo;est souvent le cas \u00e0 cette heure de&hellip;\n","protected":false},"author":2,"featured_media":170258,"comment_status":"","ping_status":"","sticky":false,"template":"","format":"standard","meta":{"footnotes":""},"categories":[2819],"tags":[1111,11,1777,674,1011,27,803,12,2401,882,25],"class_list":{"0":"post-170257","1":"post","2":"type-post","3":"status-publish","4":"format-standard","5":"has-post-thumbnail","7":"category-nice","8":"tag-actu","9":"tag-actualites","10":"tag-eu","11":"tag-europe","12":"tag-fr","13":"tag-france","14":"tag-info-trafic","15":"tag-news","16":"tag-nice","17":"tag-provence-alpes-cote-dazur","18":"tag-republique-francaise"},"share_on_mastodon":{"url":"https:\/\/pubeurope.com\/@fr\/114669272723326538","error":""},"_links":{"self":[{"href":"https:\/\/www.europesays.com\/fr\/wp-json\/wp\/v2\/posts\/170257","targetHints":{"allow":["GET"]}}],"collection":[{"href":"https:\/\/www.europesays.com\/fr\/wp-json\/wp\/v2\/posts"}],"about":[{"href":"https:\/\/www.europesays.com\/fr\/wp-json\/wp\/v2\/types\/post"}],"author":[{"embeddable":true,"href":"https:\/\/www.europesays.com\/fr\/wp-json\/wp\/v2\/users\/2"}],"replies":[{"embeddable":true,"href":"https:\/\/www.europesays.com\/fr\/wp-json\/wp\/v2\/comments?post=170257"}],"version-history":[{"count":0,"href":"https:\/\/www.europesays.com\/fr\/wp-json\/wp\/v2\/posts\/170257\/revisions"}],"wp:featuredmedia":[{"embeddable":true,"href":"https:\/\/www.europesays.com\/fr\/wp-json\/wp\/v2\/media\/170258"}],"wp:attachment":[{"href":"https:\/\/www.europesays.com\/fr\/wp-json\/wp\/v2\/media?parent=170257"}],"wp:term":[{"taxonomy":"category","embeddable":true,"href":"https:\/\/www.europesays.com\/fr\/wp-json\/wp\/v2\/categories?post=170257"},{"taxonomy":"post_tag","embeddable":true,"href":"https:\/\/www.europesays.com\/fr\/wp-json\/wp\/v2\/tags?post=170257"}],"curies":[{"name":"wp","href":"https:\/\/api.w.org\/{rel}","templated":true}]}}