{"id":170275,"date":"2025-06-12T07:51:13","date_gmt":"2025-06-12T07:51:13","guid":{"rendered":"https:\/\/www.europesays.com\/fr\/170275\/"},"modified":"2025-06-12T07:51:13","modified_gmt":"2025-06-12T07:51:13","slug":"gros-bouchon-sur-la1-dans-le-sens-lille","status":"publish","type":"post","link":"https:\/\/www.europesays.com\/fr\/170275\/","title":{"rendered":"Gros bouchon sur l&rsquo;A1 dans le sens Lille"},"content":{"rendered":"<p>            Par<br \/>\n        <strong><br \/>\n            <a href=\"https:\/\/actu.fr\/auteur\/redaction-pasdecalais\" title=\"Consulter tous les articles de R\u00e9daction Pas de Calais\" target=\"_blank\" rel=\"noopener\">R\u00e9daction Pas de Calais<\/a><br \/>\n        <\/strong><\/p>\n<p>        Publi\u00e9 le<\/p>\n<p>            12 juin 2025 \u00e0 8h48        <\/p>\n<p>Il est conseill\u00e9 d\u2019\u00e9viter le secteur. Ce jeudi 12 juin 2025, <b>un accident entre deux poids lourds s\u2019est produit sur l\u2019autoroute A1<\/b> <b>dans le sens Lille \u2013 Paris<\/b> \u00e0 hauteur d\u2019Oignies, dans le <a href=\"https:\/\/actu.fr\/pas-de-calais\/\" target=\"_blank\" rel=\"noopener\">Pas-de-Calais<\/a>. <b>Un gros bouchon s\u2019est form\u00e9<\/b> sur cet axe. D\u00e9tails.\u00a0<\/p>\n<p>Circulation difficile sur l\u2019autoroute A1 ce jeudi matin<\/p>\n<p class=\" wall-content\">La cellule de vigilance routi\u00e8re a communiqu\u00e9 ce jeudi matin vers 8h30 pour pr\u00e9venir d\u2019un accident sur l\u2019autoroute A1, plus pr\u00e9cis\u00e9ment \u00e0 hauteur de l\u2019\u00e9changeur de la plateforme Delta 3. \u00ab\u00a0Sur l\u2019autoroute A1, sens Lille \u2013 Paris, \u00e0 Oignies, un accident impliquant un deux poids lourds est en cours\u00a0\u00bb, est-il indiqu\u00e9.<\/p>\n<p class=\" wall-content\">La circulation s\u2019effectue sur les voies de gauche au niveau des ponts de la De\u00fble,<\/p>\n<p class=\" wall-content\">Un bouchon de\u00a02km s\u2019est form\u00e9 en amont de cet accident. Soyez prudents !\u00a0<\/p>\n<p class=\" wall-content\">Suivez toute l\u2019actualit\u00e9 de vos villes et m\u00e9dias favoris en vous inscrivant \u00e0 <a href=\"https:\/\/moncompte.actu.fr\" title=\"D\u00e9couvez Mon Actu\" rel=\"nofollow noopener\" data-trk=\"{&quot;cta&quot;:{&quot;action&quot;:&quot;https:\\\/\\\/moncompte.actu.fr&quot;,&quot;category&quot;:&quot;mon compte&quot;,&quot;from&quot;:&quot;article footer&quot;,&quot;name&quot;:&quot;Mon actu&quot;,&quot;type&quot;:&quot;cta&quot;}}\" target=\"_blank\">Mon Actu<\/a>.<\/p>\n","protected":false},"excerpt":{"rendered":"Par R\u00e9daction Pas de Calais Publi\u00e9 le 12 juin 2025 \u00e0 8h48 Il est conseill\u00e9 d\u2019\u00e9viter le secteur.&hellip;\n","protected":false},"author":2,"featured_media":170276,"comment_status":"","ping_status":"","sticky":false,"template":"","format":"standard","meta":{"footnotes":""},"categories":[2815],"tags":[119,1111,11,1777,674,118,1011,27,811,803,1307,12,25],"class_list":{"0":"post-170275","1":"post","2":"type-post","3":"status-publish","4":"format-standard","5":"has-post-thumbnail","7":"category-lille","8":"tag-accident","9":"tag-actu","10":"tag-actualites","11":"tag-eu","12":"tag-europe","13":"tag-faits-divers","14":"tag-fr","15":"tag-france","16":"tag-hauts-de-france","17":"tag-info-trafic","18":"tag-lille","19":"tag-news","20":"tag-republique-francaise"},"share_on_mastodon":{"url":"https:\/\/pubeurope.com\/@fr\/114669308051507865","error":""},"_links":{"self":[{"href":"https:\/\/www.europesays.com\/fr\/wp-json\/wp\/v2\/posts\/170275","targetHints":{"allow":["GET"]}}],"collection":[{"href":"https:\/\/www.europesays.com\/fr\/wp-json\/wp\/v2\/posts"}],"about":[{"href":"https:\/\/www.europesays.com\/fr\/wp-json\/wp\/v2\/types\/post"}],"author":[{"embeddable":true,"href":"https:\/\/www.europesays.com\/fr\/wp-json\/wp\/v2\/users\/2"}],"replies":[{"embeddable":true,"href":"https:\/\/www.europesays.com\/fr\/wp-json\/wp\/v2\/comments?post=170275"}],"version-history":[{"count":0,"href":"https:\/\/www.europesays.com\/fr\/wp-json\/wp\/v2\/posts\/170275\/revisions"}],"wp:featuredmedia":[{"embeddable":true,"href":"https:\/\/www.europesays.com\/fr\/wp-json\/wp\/v2\/media\/170276"}],"wp:attachment":[{"href":"https:\/\/www.europesays.com\/fr\/wp-json\/wp\/v2\/media?parent=170275"}],"wp:term":[{"taxonomy":"category","embeddable":true,"href":"https:\/\/www.europesays.com\/fr\/wp-json\/wp\/v2\/categories?post=170275"},{"taxonomy":"post_tag","embeddable":true,"href":"https:\/\/www.europesays.com\/fr\/wp-json\/wp\/v2\/tags?post=170275"}],"curies":[{"name":"wp","href":"https:\/\/api.w.org\/{rel}","templated":true}]}}