{"id":170312,"date":"2025-06-12T08:10:11","date_gmt":"2025-06-12T08:10:11","guid":{"rendered":"https:\/\/www.europesays.com\/fr\/170312\/"},"modified":"2025-06-12T08:10:11","modified_gmt":"2025-06-12T08:10:11","slug":"finances-publiques-les-ultrariches-doivent-contribuer-comme-tout-le-monde-liberation","status":"publish","type":"post","link":"https:\/\/www.europesays.com\/fr\/170312\/","title":{"rendered":"Finances publiques : les ultrariches doivent contribuer comme tout le monde &#8211; Lib\u00e9ration"},"content":{"rendered":"<ol>\n<li><a href=\"https:\/\/news.google.com\/rss\/articles\/CBMi8wFBVV95cUxQRE5RU1dYMWhBREdvWTBQbWttemJsOEpLZUEtODhTX1pGOXRhenpfQzI3dkkzR0RTNnc2cFAtU0dacTFiNWRQTlVpVlVrSlVZaUljdjN0MkNFaG8zQ2hKQ2g3OU1lWC1ENmlIYXRCUzgxSGUwUGpuUHNDSWZVVTZISW82TWlTY0N0cjJwRjB0V2FmT3NaSTc0c3M0UlRhOGtjLU9VdE41dVd2alg0Y3U0dDRleHZTLU9yM3BsYzkxSldjZmw2NHJkdnB4aXVTRGtjWkw0dGNsSVd5aXpELTk1Y1dEM0JKaXNfYlNDZURZTUVyRVk?oc=5\" target=\"_blank\" rel=\"nofollow noopener\">Finances publiques : les ultrariches doivent contribuer comme tout le monde<\/a>&nbsp;&nbsp;Lib\u00e9ration<\/li>\n<li><a href=\"https:\/\/news.google.com\/rss\/articles\/CBMiygJBVV95cUxPbFR3VHVKdXBLS0JwcjhadUxaZDRtZDlZbGtvS0gwbjcyaldJSVRuWU5RWlo3eUdEN2tKYXpIX2VPdGtDOG9nRjh4NkMtMzgyY2VjbmR5MXY2RkNwYVg5eW55cDkxRHVsSXZsWG0wVnk2NGlFQVVSQ0tKOHFJam9tbGFIRjNpQ3hwZy1kY3lyeG1PaFUtNThLalJ4eWlUeGx4ZnpSTm1fOHA4NExlU0hvWGxURExPSUlWRXdrbVc5NmIwQWhLSGlsYzFLY3lEUXhBRG1CbFhsZUpqaWhfWW5sRFhqZG02Ymt4RjllbzhPQUd3LVRqdDB6RGN2Zm4zeUM3Qjc1ZUtIQklnZkFPMk4yOVJoalhaOVhIa0tTa3J4VjBaY21XRkpFTjktdW51NHY4a3BVbGVTQkNpank2OW9RTmVUQmtZRHNBUUE?oc=5\" target=\"_blank\" rel=\"nofollow noopener\">Taxe Zucman au S\u00e9nat : \u00ab\u00a0Si nos grandes fortunes partaient demain s&rsquo;installer aux \u00eeles Ca\u00efmans, elles ne paieraient presque pas moins d&rsquo;imp\u00f4ts\u00a0\u00bb, selon Gabriel Zucman<\/a>&nbsp;&nbsp;France Info<\/li>\n<li><a href=\"https:\/\/news.google.com\/rss\/articles\/CBMiwgJBVV95cUxQc1U3YzFQdUF6clhMRE1fSlZfYkJoTTdDd1V5ZW90WDR4M18taE9JVUg5bWM1WmVCSTZGOVJPY25fdGtGRUNpdEdMLXVSbzdIU0V3ZVZWT01xc2VMdktRYjZLWldGbGh2ZW8wVmtRQ0VOVXc4Q1pQUE5CZDdCd1RORTRzdjZGb05ieHpxc0JTUHozMjQtdjNUUkNwR3RMa2VUNXJxYkJ4X0w3akt3NF9NMG1IWmdLcHJHazA1dGpMMkJ3Rk1hWXB2WXRwQTdUX004X0NWYkFsMnF5RTd5ZS1kcjJxNVBtdDRoa19LdHV5dFdIYnpPMmVPTmRYdDRSY2xLZ0xnOFAzV0l1QUQ1WF9lYUFkUmNHdW9EQnRRdnI2RGpfdXdJN2VuXzdMZW9uaDNHVm43ZGJVR1lsSGw0M2JPQ3hn?oc=5\" target=\"_blank\" rel=\"nofollow noopener\">Retour de l&rsquo;ISF? \u00ab\u00a0Prendre 2% \u00e7a n&rsquo;appauvrira pas les plus hautes fortunes, ils s&rsquo;enrichiront un peu moins vite\u00a0\u00bb, assure Thomas Dossus (s\u00e9nateur Les \u00c9cologistes)<\/a>&nbsp;&nbsp;BFMTV<\/li>\n<li><a href=\"https:\/\/news.google.com\/rss\/articles\/CBMihAFBVV95cUxQX21naTNOa19VcHcxaTNQTDlwZ2c3OWRMMG5Vb3B3bGhVY2tQeGlfa0VHemFsWVF2RFBvOW5vclZ3akY5ZE5ISFhudTNPdTVZVGdFMTdtMTJTQzJuYlRCWWNUX2ZLTzRyMVc2QTVUWm1IMlItcm83UFY1WGo1Z2p3Wjh6eDY?oc=5\" target=\"_blank\" rel=\"nofollow noopener\">Super-riches : le grand frisson de la taxation<\/a>&nbsp;&nbsp;l&rsquo;Opinion<\/li>\n<li><a href=\"https:\/\/news.google.com\/rss\/articles\/CBMiggJBVV95cUxPNDRUUkEzLTVwRGhDcnNQNVVRb3dCeUVpQUl2a0JFQ3B1Z2FOU1RWaXFlNU05bTNaa2x4YTRta3V3dElKZGxaeG9GZXNnVjhjeHE5dW9LdExOVnZyS3M0MG1ab2I2UExiWGstU3cxcFRmLWRNclNCYXQxZXFPcklUckJ3YUt6NlFXUlExbURIT2huUktxNVRCWkc4M1gwVDVENTh0N0FxQjQtcFZfcUJRS1QyR1Z0UjY2ZWRDcFQ2WEpxMjJZMkdiWFNoOTdDbWxxc2ZMT1FNd2xfRHBGb2VsMHFJaEtRbUxyQWhubjA0dkg4TlZhUEp2elFHdEk3S040OEE?oc=5\" target=\"_blank\" rel=\"nofollow noopener\">Taxe Zucman sur les ultrariches : enfin une taxe pour les patrimoines de plus de 100 millions d\u2019euros<\/a>&nbsp;&nbsp;ladepeche.fr<\/li>\n<\/ol>\n","protected":false},"excerpt":{"rendered":"Finances publiques : les ultrariches doivent contribuer comme tout le monde&nbsp;&nbsp;Lib\u00e9ration Taxe Zucman au S\u00e9nat : \u00ab\u00a0Si nos&hellip;\n","protected":false},"author":2,"featured_media":170313,"comment_status":"","ping_status":"","sticky":false,"template":"","format":"standard","meta":{"footnotes":""},"categories":[2],"tags":[11,7756,1011,27,30482,12,25],"class_list":{"0":"post-170312","1":"post","2":"type-post","3":"status-publish","4":"format-standard","5":"has-post-thumbnail","7":"category-actualites","8":"tag-actualites","9":"tag-democratie","10":"tag-fr","11":"tag-france","12":"tag-inegalites-sociales","13":"tag-news","14":"tag-republique-francaise"},"share_on_mastodon":{"url":"https:\/\/pubeurope.com\/@fr\/114669382826033487","error":""},"_links":{"self":[{"href":"https:\/\/www.europesays.com\/fr\/wp-json\/wp\/v2\/posts\/170312","targetHints":{"allow":["GET"]}}],"collection":[{"href":"https:\/\/www.europesays.com\/fr\/wp-json\/wp\/v2\/posts"}],"about":[{"href":"https:\/\/www.europesays.com\/fr\/wp-json\/wp\/v2\/types\/post"}],"author":[{"embeddable":true,"href":"https:\/\/www.europesays.com\/fr\/wp-json\/wp\/v2\/users\/2"}],"replies":[{"embeddable":true,"href":"https:\/\/www.europesays.com\/fr\/wp-json\/wp\/v2\/comments?post=170312"}],"version-history":[{"count":0,"href":"https:\/\/www.europesays.com\/fr\/wp-json\/wp\/v2\/posts\/170312\/revisions"}],"wp:featuredmedia":[{"embeddable":true,"href":"https:\/\/www.europesays.com\/fr\/wp-json\/wp\/v2\/media\/170313"}],"wp:attachment":[{"href":"https:\/\/www.europesays.com\/fr\/wp-json\/wp\/v2\/media?parent=170312"}],"wp:term":[{"taxonomy":"category","embeddable":true,"href":"https:\/\/www.europesays.com\/fr\/wp-json\/wp\/v2\/categories?post=170312"},{"taxonomy":"post_tag","embeddable":true,"href":"https:\/\/www.europesays.com\/fr\/wp-json\/wp\/v2\/tags?post=170312"}],"curies":[{"name":"wp","href":"https:\/\/api.w.org\/{rel}","templated":true}]}}