{"id":170321,"date":"2025-06-12T08:16:10","date_gmt":"2025-06-12T08:16:10","guid":{"rendered":"https:\/\/www.europesays.com\/fr\/170321\/"},"modified":"2025-06-12T08:16:10","modified_gmt":"2025-06-12T08:16:10","slug":"la-montee-en-pro-b-se-joue-aussi-en-coulisses-pour-le-mulhouse-ba","status":"publish","type":"post","link":"https:\/\/www.europesays.com\/fr\/170321\/","title":{"rendered":"la mont\u00e9e en Pro B se joue aussi en coulisses pour le Mulhouse BA"},"content":{"rendered":"<p>Si le Mulhouse BA remporte la finale des play-offs qui l\u2019oppose \u00e0 Vend\u00e9e Challans \u00e0 partir de ce vendredi (20\u00a0h) au Palais des sports, il validera son billet pour la Pro B. Sur le terrain, du moins. Car accumuler les victoires ne suffit pas pour pouvoir effectivement rejoindre l\u2019\u00e9chelon sup\u00e9rieur.<\/p>\n<p>Ind\u00e9pendamment de ses r\u00e9sultats sportifs, tout club candidat \u00e0 l\u2019accession \u00e0 l\u2019antichambre de l\u2019\u00c9lite doit en effet respecter les dispositions r\u00e9glementaires impos\u00e9es, ou vivement recommand\u00e9es, par la F\u00e9d\u00e9ration fran\u00e7aise de basket-ball (FFBB) dans sa lettre d\u2019intention d\u2019acc\u00e9der \u00e0 la seconde division masculine professionnelle.<\/p>\n<p>Le club doit par exemple, et il ne peut en aucun cas y d\u00e9roger puisqu\u2019il s\u2019agit d\u2019obligations, pouvoir compter sur un coach \u00e0 temps plein titulaire du Dipl\u00f4me&#8230;<\/p>\n","protected":false},"excerpt":{"rendered":"Si le Mulhouse BA remporte la finale des play-offs qui l\u2019oppose \u00e0 Vend\u00e9e Challans \u00e0 partir de ce&hellip;\n","protected":false},"author":2,"featured_media":169104,"comment_status":"","ping_status":"","sticky":false,"template":"","format":"standard","meta":{"footnotes":""},"categories":[1414],"tags":[1465,1791,1464,107,1011,27,6225,30483,517,60],"class_list":{"0":"post-170321","1":"post","2":"type-post","3":"status-publish","4":"format-standard","5":"has-post-thumbnail","7":"category-basket","8":"tag-basket","9":"tag-basket-ball","10":"tag-basketball","11":"tag-fil-info","12":"tag-fr","13":"tag-france","14":"tag-la-matinale","15":"tag-mulhouse-basket-agglomeration","16":"tag-sport","17":"tag-sports"},"share_on_mastodon":{"url":"https:\/\/pubeurope.com\/@fr\/114669406512251913","error":""},"_links":{"self":[{"href":"https:\/\/www.europesays.com\/fr\/wp-json\/wp\/v2\/posts\/170321","targetHints":{"allow":["GET"]}}],"collection":[{"href":"https:\/\/www.europesays.com\/fr\/wp-json\/wp\/v2\/posts"}],"about":[{"href":"https:\/\/www.europesays.com\/fr\/wp-json\/wp\/v2\/types\/post"}],"author":[{"embeddable":true,"href":"https:\/\/www.europesays.com\/fr\/wp-json\/wp\/v2\/users\/2"}],"replies":[{"embeddable":true,"href":"https:\/\/www.europesays.com\/fr\/wp-json\/wp\/v2\/comments?post=170321"}],"version-history":[{"count":0,"href":"https:\/\/www.europesays.com\/fr\/wp-json\/wp\/v2\/posts\/170321\/revisions"}],"wp:featuredmedia":[{"embeddable":true,"href":"https:\/\/www.europesays.com\/fr\/wp-json\/wp\/v2\/media\/169104"}],"wp:attachment":[{"href":"https:\/\/www.europesays.com\/fr\/wp-json\/wp\/v2\/media?parent=170321"}],"wp:term":[{"taxonomy":"category","embeddable":true,"href":"https:\/\/www.europesays.com\/fr\/wp-json\/wp\/v2\/categories?post=170321"},{"taxonomy":"post_tag","embeddable":true,"href":"https:\/\/www.europesays.com\/fr\/wp-json\/wp\/v2\/tags?post=170321"}],"curies":[{"name":"wp","href":"https:\/\/api.w.org\/{rel}","templated":true}]}}