{"id":170326,"date":"2025-06-12T08:19:09","date_gmt":"2025-06-12T08:19:09","guid":{"rendered":"https:\/\/www.europesays.com\/fr\/170326\/"},"modified":"2025-06-12T08:19:09","modified_gmt":"2025-06-12T08:19:09","slug":"le-criterium-du-dauphine-passe-pres-de-lyon-ce-jeudi-decouvrez-le-parcours","status":"publish","type":"post","link":"https:\/\/www.europesays.com\/fr\/170326\/","title":{"rendered":"Le Crit\u00e9rium du Dauphin\u00e9 passe pr\u00e8s de Lyon ce jeudi : d\u00e9couvrez le parcours"},"content":{"rendered":"<p itemprop=\"description\"><strong>Cinqui\u00e8me \u00e9tape du Crit\u00e9rium du Dauphin\u00e9 ce jeudi.<\/strong><\/p>\n<p>Les coureurs s&rsquo;\u00e9lanceront de Saint-Priest pour rallier M\u00e2con.<\/p>\n<p>L&rsquo;Est lyonnais sera particuli\u00e8rement sillonn\u00e9. Car le d\u00e9part fictif de l&rsquo;\u00e9tape de la course cycliste se fera d&rsquo;abord \u00e0 12h35 avenue Jean-Jaur\u00e8s \u00e0 Saint-Priest.<br \/>Les coureurs rejoindront ensuite Chassieu et Genas, avant de revenir \u00e0 Saint-Priest pour le v\u00e9ritable d\u00e9part de l&rsquo;\u00e9tape qui se fera sur la D606.<\/p>\n<p>Cette fois, le cort\u00e8ge se rendra \u00e0 Pusignan o\u00f9 il devrait arriver aux alentours de 13h. Il franchira ensuite les limites du Rh\u00f4ne pour rejoindre l&rsquo;Ain et remonter vers le nord direction les Dombes puis M\u00e2con.<\/p>\n<p>A noter que les coureurs seront accessibles \u00e0 Saint-Priest d\u00e8s 11h25 et jusqu&rsquo;\u00e0 leur d\u00e9part fictif une heure plus tard.<\/p>\n<p>Ce mercredi, la 4e \u00e9tape, un contre-la-montre, avait \u00e9t\u00e9 remport\u00e9 par Remco Evenepoel.<\/p>\n<blockquote class=\"twitter-tweet\"><p>&#13;<\/p>\n<p dir=\"ltr\" lang=\"fr\">\ud83d\udd0e Toutes les infos pour venir demain encourager les coureurs au bord de la route de l&rsquo;\u00e9tape 5 du <a href=\"https:\/\/twitter.com\/hashtag\/Dauphin%C3%A9?src=hash&amp;ref_src=twsrc%5Etfw\" target=\"_blank\" rel=\"noopener\">#Dauphin\u00e9<\/a> !<\/p>\n<p>\ud83d\udd0e All the info to come tomorrow cheer on the riders on the roadside of this 5th stage of the <a href=\"https:\/\/twitter.com\/hashtag\/Dauphin%C3%A9?src=hash&amp;ref_src=twsrc%5Etfw\" target=\"_blank\" rel=\"noopener\">#Dauphin\u00e9<\/a>! <a href=\"https:\/\/t.co\/FzaHPvBiK4\">pic.twitter.com\/FzaHPvBiK4<\/a><\/p>\n<p>&#13;<br \/>\n\u2014 Crit\u00e9rium du Dauphin\u00e9 (@dauphine) <a href=\"https:\/\/twitter.com\/dauphine\/status\/1932879255634948326?ref_src=twsrc%5Etfw\" target=\"_blank\" rel=\"noopener\">June 11, 2025<\/a><\/p><\/blockquote>\n<p>\t\t  <script async src=\"https:\/\/platform.twitter.com\/widgets.js\" charset=\"utf-8\"><\/script><\/p>\n","protected":false},"excerpt":{"rendered":"Cinqui\u00e8me \u00e9tape du Crit\u00e9rium du Dauphin\u00e9 ce jeudi. Les coureurs s&rsquo;\u00e9lanceront de Saint-Priest pour rallier M\u00e2con. L&rsquo;Est lyonnais&hellip;\n","protected":false},"author":2,"featured_media":170327,"comment_status":"","ping_status":"","sticky":false,"template":"","format":"standard","meta":{"footnotes":""},"categories":[1411],"tags":[1111,11,2813,2190,1109,251,1154,207,1112,2811,118,1011,27,1922,1110,1114,2428,2810,241,316,2812,517,60,800],"class_list":{"0":"post-170326","1":"post","2":"type-post","3":"status-publish","4":"format-standard","5":"has-post-thumbnail","7":"category-cyclisme","8":"tag-actu","9":"tag-actualites","10":"tag-article","11":"tag-asvel","12":"tag-breves","13":"tag-culture","14":"tag-cycling","15":"tag-cyclisme","16":"tag-depeches","17":"tag-economique","18":"tag-faits-divers","19":"tag-fr","20":"tag-france","21":"tag-info","22":"tag-informations","23":"tag-infos","24":"tag-lyon","25":"tag-lyonmag","26":"tag-ol","27":"tag-politique","28":"tag-sociale","29":"tag-sport","30":"tag-sports","31":"tag-transports"},"share_on_mastodon":{"url":"https:\/\/pubeurope.com\/@fr\/114669418127897496","error":""},"_links":{"self":[{"href":"https:\/\/www.europesays.com\/fr\/wp-json\/wp\/v2\/posts\/170326","targetHints":{"allow":["GET"]}}],"collection":[{"href":"https:\/\/www.europesays.com\/fr\/wp-json\/wp\/v2\/posts"}],"about":[{"href":"https:\/\/www.europesays.com\/fr\/wp-json\/wp\/v2\/types\/post"}],"author":[{"embeddable":true,"href":"https:\/\/www.europesays.com\/fr\/wp-json\/wp\/v2\/users\/2"}],"replies":[{"embeddable":true,"href":"https:\/\/www.europesays.com\/fr\/wp-json\/wp\/v2\/comments?post=170326"}],"version-history":[{"count":0,"href":"https:\/\/www.europesays.com\/fr\/wp-json\/wp\/v2\/posts\/170326\/revisions"}],"wp:featuredmedia":[{"embeddable":true,"href":"https:\/\/www.europesays.com\/fr\/wp-json\/wp\/v2\/media\/170327"}],"wp:attachment":[{"href":"https:\/\/www.europesays.com\/fr\/wp-json\/wp\/v2\/media?parent=170326"}],"wp:term":[{"taxonomy":"category","embeddable":true,"href":"https:\/\/www.europesays.com\/fr\/wp-json\/wp\/v2\/categories?post=170326"},{"taxonomy":"post_tag","embeddable":true,"href":"https:\/\/www.europesays.com\/fr\/wp-json\/wp\/v2\/tags?post=170326"}],"curies":[{"name":"wp","href":"https:\/\/api.w.org\/{rel}","templated":true}]}}