{"id":170349,"date":"2025-06-12T08:31:10","date_gmt":"2025-06-12T08:31:10","guid":{"rendered":"https:\/\/www.europesays.com\/fr\/170349\/"},"modified":"2025-06-12T08:31:10","modified_gmt":"2025-06-12T08:31:10","slug":"emmanuel-macron-applaudit-le-partenariat-historique-entre-mistral-ai-et-nvidia","status":"publish","type":"post","link":"https:\/\/www.europesays.com\/fr\/170349\/","title":{"rendered":"Emmanuel Macron applaudit le partenariat \u00ab\u00a0historique\u00a0\u00bb entre Mistral AI et Nvidia"},"content":{"rendered":"<p>Miser sur l\u2019<a href=\"https:\/\/www.20minutes.fr\/dossier\/intelligence_artificielle\" target=\"_blank\" class=\"color-ultramarine c-link\" rel=\"nofollow noopener\">intelligence artificielle<\/a> pour assurer sa souverainet\u00e9. C\u2019est le message qu\u2019a voulu faire une nouvelle passer \u00e0 la France et l\u2019Europe mercredi <a href=\"https:\/\/www.20minutes.fr\/politique\/emmanuel-macron\/\" target=\"_blank\" class=\"color-ultramarine c-link\" rel=\"nofollow noopener\">Emmanuel Macron<\/a>. Pour cela, il a particuli\u00e8rement salu\u00e9 la conclusion d\u2019un partenariat entre le groupe fran\u00e7ais Mistral AI et le g\u00e9ant am\u00e9ricain des puces \u00e9lectroniques Nvidia, annonc\u00e9 le jour m\u00eame depuis le plus grand \u00e9v\u00e9nement d\u2019Europe consacr\u00e9 \u00e0 la tech qui se tient \u00e0 Paris.<\/p>\n<p>\u00ab\u00a0Le partenariat annonc\u00e9 aujourd\u2019hui [\u2026] est, \u00e0 mes yeux, une alliance historique\u00a0\u00bb, a d\u00e9clar\u00e9 le pr\u00e9sident sur la sc\u00e8ne principale de VivaTech en compagnie des patrons des deux entreprises, Arthur Mensch et Jensen Huang.<\/p>\n<p>Un concurrent de ChatGPT<\/p>\n<p>Mistral AI, qui a con\u00e7u le chatbot Le Chat concurrent de <a href=\"https:\/\/www.20minutes.fr\/20-mint\/chatgpt\/\" target=\"_blank\" class=\"color-ultramarine c-link\" rel=\"nofollow noopener\">ChatGPT<\/a>, et Nvidia, qui produit des puces \u00e9lectroniques consid\u00e9r\u00e9es comme indispensables au d\u00e9veloppement de l\u2019IA g\u00e9n\u00e9rative, s\u2019allient pour concevoir une plateforme de cloud o\u00f9 les mod\u00e8les de la <a href=\"https:\/\/www.20minutes.fr\/dossier\/start_up\" target=\"_blank\" class=\"color-ultramarine c-link\" rel=\"nofollow noopener\">start-up<\/a> tricolore seront disponibles. Baptis\u00e9e \u00ab\u00a0Mistral Compute\u00a0\u00bb, elle sera dot\u00e9e de \u00ab\u00a018.000 superpuces Blackwell\u00a0\u00bb, parmi les plus avanc\u00e9es du g\u00e9ant am\u00e9ricain.<\/p>\n<\/p>\n<p>Arthur Mensch a vant\u00e9 l\u2019av\u00e8nement d\u2019une plateforme \u00ab\u00a0compl\u00e8tement ind\u00e9pendante\u00a0\u00bb, qui permettra aux utilisateurs de \u00ab\u00a0ne plus s\u2019appuyer pour (leur) utilisation de l\u2019IA sur certains fournisseurs am\u00e9ricains\u00a0\u00bb. \u00ab\u00a0C\u2019est un changement de paradigme car cela augmentera notre souverainet\u00e9 et nous permettra d\u2019en faire bien davantage\u00a0\u00bb, a appuy\u00e9 Emmanuel Macron.<\/p>\n<p>Le pr\u00e9sident s\u2019est aussi livr\u00e9 \u00e0 une d\u00e9ambulation dans les all\u00e9es du salon, qui a ouvert ses portes mercredi matin pour une neuvi\u00e8me \u00e9dition avec 14.000 start-up pr\u00e9sentes et 165.000 visiteurs attendus. Il en a profit\u00e9 pour \u00e9changer avec plusieurs jeunes entreprises europ\u00e9ennes et s\u2019est livr\u00e9 \u00e0 une d\u00e9fense de la souverainet\u00e9 technologique du continent. L\u2019Europe \u00ab\u00a0a perdu son autonomie parce qu\u2019elle a mis en danger sa capacit\u00e9 \u00e0 produire. Elle est devenue de plus en plus d\u00e9pendante du reste du monde\u00a0\u00bb, s\u2019est inqui\u00e9t\u00e9 le locataire de l\u2019\u00c9lys\u00e9e.<\/p>\n<p>Nvidia promet \u00ab\u00a0des milliards\u00a0\u00bb de dollars<\/p>\n<p>Quatre mois apr\u00e8s l\u2019organisation \u00e0 Paris du sommet sur l\u2019IA, qui avait vu affluer les promesses d\u2019investissements dans cette technologie en France, Emmanuel Macron a en outre r\u00e9p\u00e9t\u00e9 son souhait de voir aboutir \u00ab\u00a0une IA [\u2026] soutenable, humaniste et s\u00e9curis\u00e9e\u00a0\u00bb. \u00ab\u00a0Il faut qu\u2019on se dote des capacit\u00e9s pour \u00eatre au c\u0153ur de ce combat\u00a0\u00bb, a-t-il martel\u00e9.<\/p>\n<p><a href=\"https:\/\/www.20minutes.fr\/dossier\/intelligence_artificielle\" target=\"_blank\" class=\"c-link c-btn c-btn--primary\" rel=\"nofollow noopener\">Notre dossier sur l&rsquo;Intelligence artificielle<\/a><\/p>\n<p>Les annonces de Nvidia, qui organisait pour la premi\u00e8re fois sa propre conf\u00e9rence \u00e0 Paris \u00e0 l\u2019occasion de VivaTech, se sont par ailleurs multipli\u00e9es, alors que Jensen Huang a livr\u00e9 un discours inaugural de plus d\u2019une heure. \u00ab\u00a0En deux ans, nous allons multiplier la capacit\u00e9 de calcul d\u00e9di\u00e9e \u00e0 l\u2019intelligence artificielle en Europe par dix\u00a0\u00bb, a-t-il promis devant une salle comble. Enfin, il a indiqu\u00e9 au cours d\u2019un \u00e9change avec la presse que son entreprise investirait \u00ab\u00a0des milliards\u00a0\u00bb de dollars sur le continent dans les ann\u00e9es \u00e0 venir.<\/p>\n","protected":false},"excerpt":{"rendered":"Miser sur l\u2019intelligence artificielle pour assurer sa souverainet\u00e9. C\u2019est le message qu\u2019a voulu faire une nouvelle passer \u00e0&hellip;\n","protected":false},"author":2,"featured_media":170350,"comment_status":"","ping_status":"","sticky":false,"template":"","format":"standard","meta":{"footnotes":""},"categories":[6],"tags":[35,33,34,1073,73,1011,27,142,3995,22053,133],"class_list":{"0":"post-170349","1":"post","2":"type-post","3":"status-publish","4":"format-standard","5":"has-post-thumbnail","7":"category-economie","8":"tag-business","9":"tag-economie","10":"tag-economy","11":"tag-emmanuel-macron","12":"tag-etats-unis","13":"tag-fr","14":"tag-france","15":"tag-high-tech","16":"tag-intelligence-artificielle-ia","17":"tag-taiwan","18":"tag-video"},"share_on_mastodon":{"url":"https:\/\/pubeurope.com\/@fr\/114669465328350068","error":""},"_links":{"self":[{"href":"https:\/\/www.europesays.com\/fr\/wp-json\/wp\/v2\/posts\/170349","targetHints":{"allow":["GET"]}}],"collection":[{"href":"https:\/\/www.europesays.com\/fr\/wp-json\/wp\/v2\/posts"}],"about":[{"href":"https:\/\/www.europesays.com\/fr\/wp-json\/wp\/v2\/types\/post"}],"author":[{"embeddable":true,"href":"https:\/\/www.europesays.com\/fr\/wp-json\/wp\/v2\/users\/2"}],"replies":[{"embeddable":true,"href":"https:\/\/www.europesays.com\/fr\/wp-json\/wp\/v2\/comments?post=170349"}],"version-history":[{"count":0,"href":"https:\/\/www.europesays.com\/fr\/wp-json\/wp\/v2\/posts\/170349\/revisions"}],"wp:featuredmedia":[{"embeddable":true,"href":"https:\/\/www.europesays.com\/fr\/wp-json\/wp\/v2\/media\/170350"}],"wp:attachment":[{"href":"https:\/\/www.europesays.com\/fr\/wp-json\/wp\/v2\/media?parent=170349"}],"wp:term":[{"taxonomy":"category","embeddable":true,"href":"https:\/\/www.europesays.com\/fr\/wp-json\/wp\/v2\/categories?post=170349"},{"taxonomy":"post_tag","embeddable":true,"href":"https:\/\/www.europesays.com\/fr\/wp-json\/wp\/v2\/tags?post=170349"}],"curies":[{"name":"wp","href":"https:\/\/api.w.org\/{rel}","templated":true}]}}