{"id":170351,"date":"2025-06-12T08:32:10","date_gmt":"2025-06-12T08:32:10","guid":{"rendered":"https:\/\/www.europesays.com\/fr\/170351\/"},"modified":"2025-06-12T08:32:10","modified_gmt":"2025-06-12T08:32:10","slug":"apres-los-angeles-une-nouvelle-ville-decrete-un-couvre-feu","status":"publish","type":"post","link":"https:\/\/www.europesays.com\/fr\/170351\/","title":{"rendered":"apr\u00e8s Los Angeles, une nouvelle ville d\u00e9cr\u00e8te un couvre-feu"},"content":{"rendered":"<p>Les manifestations se multiplient aux \u00c9tats-Unis contre la politique migratoire muscl\u00e9e de Donald Trump, malgr\u00e9 le d\u00e9ploiement de militaires \u00e0 Los Angeles et la promesse du pr\u00e9sident de ne jamais laisser \u00abla loi de la rue r\u00e9gner en Am\u00e9rique\u00bb.<\/p>\n<p class=\"fig-paragraph\">Apr\u00e8s\u00a0<a href=\"http:\/\/www.lefigaro.fr\/vox\/monde\/envoi-de-l-armee-a-los-angeles-trump-a-tire-les-lecons-des-emeutes-de-2020-apres-la-mort-de-george-floyd-20250611\" data-fig-type=\"Article\" data-gtm-custom-categorie=\"navigation\" data-gtm-custom-action=\"crossclick\" data-gtm-custom-label=\"Contextuel\" data-gtm-event=\"customEventSPE\" data-fig-domain=\"LEFIGARO\" rel=\"nofollow noopener\" target=\"_blank\">Los Angeles<\/a>, la mairie de Spokane, dans l\u2019\u00c9tat de Washington, a annonc\u00e9 ce mercredi un couvre-feu apr\u00e8s qu\u2019une manifestation s\u2019est tenue dans sa ville de 230.000 habitants, dans le nord-ouest des\u00a0<a href=\"http:\/\/www.lefigaro.fr\/international\/a-la-nsa-les-purges-de-donald-trump-fragilisent-les-defenses-de-l-amerique-20250611\" data-fig-type=\"Article\" data-gtm-custom-categorie=\"navigation\" data-gtm-custom-action=\"crossclick\" data-gtm-custom-label=\"Contextuel\" data-gtm-event=\"customEventSPE\" data-fig-domain=\"LEFIGARO\" rel=\"nofollow noopener\" target=\"_blank\">\u00c9tats-Unis<\/a>, contre la politique migratoire muscl\u00e9e du pr\u00e9sident\u00a0<a href=\"http:\/\/www.lefigaro.fr\/international\/il-est-temps-pour-nous-tous-de-nous-redresser-gavin-newsom-le-gouverneur-de-californie-qui-s-oppose-a-donald-trump-20250611\" data-fig-type=\"Article\" data-gtm-custom-categorie=\"navigation\" data-gtm-custom-action=\"crossclick\" data-gtm-custom-label=\"Contextuel\" data-gtm-event=\"customEventSPE\" data-fig-domain=\"LEFIGARO\" rel=\"nofollow noopener\" target=\"_blank\">Donald Trump<\/a>.<\/p>\n<p class=\"fig-paragraph\">Le\u00a0<a href=\"http:\/\/www.lefigaro.fr\/lyon\/pres-de-lyon-un-maire-met-en-place-un-couvre-feu-pour-les-mineurs-de-moins-de-17-ans-20250530\" data-fig-type=\"NewsFlash\" data-gtm-custom-categorie=\"navigation\" data-gtm-custom-action=\"crossclick\" data-gtm-custom-label=\"Contextuel\" data-gtm-event=\"customEventSPE\" data-fig-domain=\"LEFIGARO\" rel=\"nofollow noopener\" target=\"_blank\">couvre-feu<\/a>\u00a0est impos\u00e9 de 21h30 mercredi \u00e0 05h00 jeudi, a annonc\u00e9 sur X la mairie de cette ville d&rsquo;environ 230.000 habitants. Berceau des protestations, Los Angeles avait d\u00e9cr\u00e9t\u00e9 un tel couvre-feu mardi soir. \u00abJe dirais qu\u2019en g\u00e9n\u00e9ral, tout est sous contr\u00f4le ici \u00e0 Ground Zero\u00bb, a d\u00e9clar\u00e9 Lynn Sturgis, une enseignante \u00e0 la retraite de 66 ans, devant les bureaux du gouvernement f\u00e9d\u00e9ral, \u00e9picentre des manifestations dans le centre-ville. \u00abNotre ville n\u2019est pas du tout en feu, elle ne br\u00fble pas, comme notre terrible dirigeant essaie de vous le faire croire\u00bb, a-t-elle ajout\u00e9.<\/p>\n<p>Le d\u00e9ploiement des soldats, au c\u0153ur d\u2019une rivalit\u00e9 politique<\/p>\n<p class=\"fig-paragraph\">Depuis vendredi dernier, la deuxi\u00e8me plus grande ville am\u00e9ricaine est le th\u00e9\u00e2tre de manifestations contre les interpellations massives d\u2019\u00e9trangers en situation irr\u00e9guli\u00e8re. Ces protestations sont g\u00e9n\u00e9ralement pacifiques mais sont parfois ponctu\u00e9es de jets de pierre contre la police, d\u2019incendies de v\u00e9hicules et d\u2019autres violences. \u00abLe couvre-feu reste en vigueur ce soir (&#8230;) afin d\u2019arr\u00eater les mauvais acteurs qui profitent de l\u2019escalade chaotique du pr\u00e9sident\u00bb, a \u00e9crit mercredi sur X la maire d\u00e9mocrate Karen Bass.<\/p>\n<p class=\"fig-paragraph\">Donald Trump a ordonn\u00e9 le d\u00e9ploiement \u00e0 Los Angeles de 4000 r\u00e9servistes de la Garde nationale de Californie et de 700 Marines, un corps d\u2019\u00e9lite de l\u2019arm\u00e9e d\u2019active, contre l\u2019avis du gouverneur d\u00e9mocrate Gavin Newsom. Ce d\u00e9ploiement s\u2019est transform\u00e9 en un enjeu de rivalit\u00e9 politique entre l\u2019administration Trump et l\u2019opposition d\u00e9mocrate. Avec en premi\u00e8re ligne M. Newsom, consid\u00e9r\u00e9 comme un candidat potentiel \u00e0 la Maison Blanche pour 2028.<\/p>\n<p>La Californie conteste en justice le d\u00e9ploiement de la Garde nationale<\/p>\n<p class=\"fig-paragraph\">Donald Trump ne \u00ablaissera jamais la loi de la rue r\u00e9gner en Am\u00e9rique\u00bb, a d\u00e9clar\u00e9 mercredi la porte-parole de la Maison-Blanche, Karoline Leavitt. \u00abRappelez-vous, si je n\u2019avais pas \u00e9t\u00e9 l\u00e0&#8230; Los Angeles aurait br\u00fbl\u00e9\u00bb, a lanc\u00e9 le pr\u00e9sident mercredi soir. \u00abLa d\u00e9mocratie est attaqu\u00e9e sous nos yeux\u00bb, avait d\u00e9clar\u00e9 mardi Gavin Newson. \u00abLa Californie est peut-\u00eatre la premi\u00e8re, mais il est clair que cela ne s\u2019arr\u00eatera pas l\u00e0\u00bb.<\/p>\n<p class=\"fig-paragraph\">Le gouverneur de\u00a0<a href=\"http:\/\/www.lefigaro.fr\/international\/californie-heurts-et-arrestations-en-marge-d-une-operation-de-la-police-de-l-immigration-20250608\" data-fig-type=\"NewsFlash\" data-gtm-custom-categorie=\"navigation\" data-gtm-custom-action=\"crossclick\" data-gtm-custom-label=\"Contextuel\" data-gtm-event=\"customEventSPE\" data-fig-domain=\"LEFIGARO\" rel=\"nofollow noopener\" target=\"_blank\">Californie\u00a0<\/a>accuse le gouvernement f\u00e9d\u00e9ral d\u2019outrepasser ses pouvoirs et a demand\u00e9 \u00e0 la justice de suspendre la r\u00e9quisition de la Garde nationale. Une audience est pr\u00e9vue jeudi \u00e0 ce sujet devant un tribunal f\u00e9d\u00e9ral.<\/p>\n","protected":false},"excerpt":{"rendered":"Les manifestations se multiplient aux \u00c9tats-Unis contre la politique migratoire muscl\u00e9e de Donald Trump, malgr\u00e9 le d\u00e9ploiement de&hellip;\n","protected":false},"author":2,"featured_media":170352,"comment_status":"","ping_status":"","sticky":false,"template":"","format":"standard","meta":{"footnotes":""},"categories":[5],"tags":[259,11,260,75,73,1011,27,14,6116,261,12,262,2744,28],"class_list":{"0":"post-170351","1":"post","2":"type-post","3":"status-publish","4":"format-standard","5":"has-post-thumbnail","7":"category-international","8":"tag-actualite-internationale","9":"tag-actualites","10":"tag-affaires-etrangeres","11":"tag-donald-trump","12":"tag-etats-unis","13":"tag-fr","14":"tag-france","15":"tag-international","16":"tag-los-angeles","17":"tag-ministere-des-affaires-etrangeres","18":"tag-news","19":"tag-politique-etrangere","20":"tag-washington","21":"tag-world"},"share_on_mastodon":{"url":"https:\/\/pubeurope.com\/@fr\/114669469306041106","error":""},"_links":{"self":[{"href":"https:\/\/www.europesays.com\/fr\/wp-json\/wp\/v2\/posts\/170351","targetHints":{"allow":["GET"]}}],"collection":[{"href":"https:\/\/www.europesays.com\/fr\/wp-json\/wp\/v2\/posts"}],"about":[{"href":"https:\/\/www.europesays.com\/fr\/wp-json\/wp\/v2\/types\/post"}],"author":[{"embeddable":true,"href":"https:\/\/www.europesays.com\/fr\/wp-json\/wp\/v2\/users\/2"}],"replies":[{"embeddable":true,"href":"https:\/\/www.europesays.com\/fr\/wp-json\/wp\/v2\/comments?post=170351"}],"version-history":[{"count":0,"href":"https:\/\/www.europesays.com\/fr\/wp-json\/wp\/v2\/posts\/170351\/revisions"}],"wp:featuredmedia":[{"embeddable":true,"href":"https:\/\/www.europesays.com\/fr\/wp-json\/wp\/v2\/media\/170352"}],"wp:attachment":[{"href":"https:\/\/www.europesays.com\/fr\/wp-json\/wp\/v2\/media?parent=170351"}],"wp:term":[{"taxonomy":"category","embeddable":true,"href":"https:\/\/www.europesays.com\/fr\/wp-json\/wp\/v2\/categories?post=170351"},{"taxonomy":"post_tag","embeddable":true,"href":"https:\/\/www.europesays.com\/fr\/wp-json\/wp\/v2\/tags?post=170351"}],"curies":[{"name":"wp","href":"https:\/\/api.w.org\/{rel}","templated":true}]}}