{"id":170357,"date":"2025-06-12T08:35:20","date_gmt":"2025-06-12T08:35:20","guid":{"rendered":"https:\/\/www.europesays.com\/fr\/170357\/"},"modified":"2025-06-12T08:35:20","modified_gmt":"2025-06-12T08:35:20","slug":"saint-etienne-la-grande-braderie-estivale-est-de-retour","status":"publish","type":"post","link":"https:\/\/www.europesays.com\/fr\/170357\/","title":{"rendered":"Saint-\u00c9tienne : la grande braderie estivale est de retour !\u00a0"},"content":{"rendered":"<p>Saint-\u00c9tienne s&rsquo;appr\u00eate \u00e0 vivre trois jours d&rsquo;animations et de bonnes affaires ! Du 12 au 14 juin, plus de 200 commer\u00e7ants et forains investissent le centre-ville pour une grande braderie festive.<\/p>\n<p>Pr\u00e9parez vos sacs et votre bonne humeur : <b>du jeudi 12 au samedi 14 juin<\/b>, le centre-Ville de <b>Saint-\u00c9tienne<\/b> se transforme en v\u00e9ritable temple du shopping et de l&rsquo;animation pour la grande braderie estivale<\/p>\n<p>Plus de 200 commer\u00e7ants au rendez-vous<\/p>\n<p>De 10h \u00e0 19h, <b>plus de 200 commer\u00e7ants\u00a0et forains<\/b> vous attendent avec leurs meilleures affaires.<\/p>\n<p>Pr\u00eat-\u00e0-porter, maroquinerie, bijoux, accessoires\u2026 Il y en aura pour tous les go\u00fbts.<\/p>\n<p>La braderie s&rsquo;\u00e9tendra de la place de l&rsquo;H\u00f4tel-de-Ville jusqu&rsquo;\u00e0 la place Waldeck-Rousseau. Une belle balade shopping en perspective, entre bonnes affaires et ambiance festive.<\/p>\n<p>Des d\u00e9ambulations musicales \u00e0 Saint-\u00c9tienne<\/p>\n<p>Pour encore plus de plaisir, des troupes musicales costum\u00e9es vous accompagneront dans les rues \u00e0 ces horaires :<\/p>\n<p>&#8211; de 11h \u00e0 13h<br \/>&#8211; de 16h \u00e0 18h<br \/>&#8211; et d\u00e8s 14h le samedi<\/p>\n<p>Ne manquez pas la rue Michelet, qui accueillera non seulement des commer\u00e7ants, mais aussi des artisans-cr\u00e9ateurs venus partager leur passion.<\/p>\n<p>Et pour les amateurs d&rsquo;art urbain, une exposition en plein air du graffeur Zeyo sera \u00e9galement \u00e0 d\u00e9couvrir.<\/p>\n<p>Premi\u00e8re \u00e9dition du Cuisine Urbaine Fest&rsquo;<\/p>\n<p>Jeudi 12 juin, d\u00e8s 16h30, se d\u00e9roulera le premier <b>Cuisine Urbaine Fest&rsquo;<\/b>, organis\u00e9 par le Collectif des Tables St\u00e9phanoises.<\/p>\n<p>Au programme : de la street food gourmande sign\u00e9e par 12 chef(fe)s locaux et une ambiance musicale d\u00e9contract\u00e9e jusqu&rsquo;\u00e0 23h.<\/p>\n<p><img loading=\"lazy\" decoding=\"async\" src=\"https:\/\/www.europesays.com\/fr\/wp-content\/uploads\/2025\/06\/1749717320_239_img\" width=\"350\" height=\"200\" border=\"0\" title=\"La fourme d'Ambert AOP\"\/><\/p>\n<p>\u25ba\u00c9conomie<\/p>\n<p style=\"font-size: 22px;\"><b>La Fourme d&rsquo;Ambert pourrait-elle changer de go\u00fbt \u00e0 cause du climat ?<\/b><\/p>\n<p>Une \u00e9tude scientifique pr\u00e9tend que le go\u00fbt de&#8230;<\/p>\n<p><\/p>\n","protected":false},"excerpt":{"rendered":"Saint-\u00c9tienne s&rsquo;appr\u00eate \u00e0 vivre trois jours d&rsquo;animations et de bonnes affaires ! Du 12 au 14 juin, plus&hellip;\n","protected":false},"author":2,"featured_media":170358,"comment_status":"","ping_status":"","sticky":false,"template":"","format":"standard","meta":{"footnotes":""},"categories":[9653],"tags":[1111,11,2430,30490,1777,674,1011,27,30193,12,25,9920,4001],"class_list":{"0":"post-170357","1":"post","2":"type-post","3":"status-publish","4":"format-standard","5":"has-post-thumbnail","7":"category-saint-etienne","8":"tag-actu","9":"tag-actualites","10":"tag-auvergne-rhone-alpes","11":"tag-commerants","12":"tag-eu","13":"tag-europe","14":"tag-fr","15":"tag-france","16":"tag-grande-braderie","17":"tag-news","18":"tag-republique-francaise","19":"tag-saint-tienne","20":"tag-saint-etienne"},"share_on_mastodon":{"url":"https:\/\/pubeurope.com\/@fr\/114669481167112027","error":""},"_links":{"self":[{"href":"https:\/\/www.europesays.com\/fr\/wp-json\/wp\/v2\/posts\/170357","targetHints":{"allow":["GET"]}}],"collection":[{"href":"https:\/\/www.europesays.com\/fr\/wp-json\/wp\/v2\/posts"}],"about":[{"href":"https:\/\/www.europesays.com\/fr\/wp-json\/wp\/v2\/types\/post"}],"author":[{"embeddable":true,"href":"https:\/\/www.europesays.com\/fr\/wp-json\/wp\/v2\/users\/2"}],"replies":[{"embeddable":true,"href":"https:\/\/www.europesays.com\/fr\/wp-json\/wp\/v2\/comments?post=170357"}],"version-history":[{"count":0,"href":"https:\/\/www.europesays.com\/fr\/wp-json\/wp\/v2\/posts\/170357\/revisions"}],"wp:featuredmedia":[{"embeddable":true,"href":"https:\/\/www.europesays.com\/fr\/wp-json\/wp\/v2\/media\/170358"}],"wp:attachment":[{"href":"https:\/\/www.europesays.com\/fr\/wp-json\/wp\/v2\/media?parent=170357"}],"wp:term":[{"taxonomy":"category","embeddable":true,"href":"https:\/\/www.europesays.com\/fr\/wp-json\/wp\/v2\/categories?post=170357"},{"taxonomy":"post_tag","embeddable":true,"href":"https:\/\/www.europesays.com\/fr\/wp-json\/wp\/v2\/tags?post=170357"}],"curies":[{"name":"wp","href":"https:\/\/api.w.org\/{rel}","templated":true}]}}