{"id":170364,"date":"2025-06-12T08:39:17","date_gmt":"2025-06-12T08:39:17","guid":{"rendered":"https:\/\/www.europesays.com\/fr\/170364\/"},"modified":"2025-06-12T08:39:17","modified_gmt":"2025-06-12T08:39:17","slug":"top-14-horaires-affiches-chaine-tv-tout-savoir-sur-les-barrages-daccession-en-demi-finales","status":"publish","type":"post","link":"https:\/\/www.europesays.com\/fr\/170364\/","title":{"rendered":"Top 14. Horaires, affiches, cha\u00eene TV\u2026 Tout savoir sur les barrages d\u2019accession en demi-finales"},"content":{"rendered":"<p>Toulouse, confortablement install\u00e9 dans un fauteuil en phase r\u00e9guli\u00e8re, attend de conna\u00eetre le nom de son adversaire pour les demi-finales de Top 14. Sans jouer, les Toulousains passeront le prochain week-end dans leur canap\u00e9 devant la TV. M\u00eame sanction pour les Bordelais, deuxi\u00e8mes de la phase r\u00e9guli\u00e8re et tout juste remis de leur r\u00eave europ\u00e9en.<\/p>\n<p>Face \u00e0 Clermont, une premi\u00e8re historique pour Bayonne<\/p>\n<p>Ce week-end, ce sont les \u00e9quipes arriv\u00e9es entre la 3e\u00a0et 6e qui se pr\u00e9sentent sur les terrains du Top 14. Les Clermontois, peu \u00e9tincelants cette saison mais assez efficaces pour d\u00e9crocher une cinqui\u00e8me place dans les derniers instants, iront au stade Jean-Dauger de Bayonne. Une premi\u00e8re historique en phase finale pour les Bleu et Blanc de l\u2019Aviron bayonnais impressionnants de courage cette ann\u00e9e.<\/p>\n<blockquote class=\"instagram-media\" data-instgrm-captioned=\"\" data-instgrm-permalink=\"https:\/\/www.instagram.com\/p\/DKnSuxFMcGp\/?utm_source=ig_embed&amp;utm_campaign=loading\" data-instgrm-version=\"14\" style=\" background:#FFF; border:0; border-radius:3px; box-shadow:0 0 1px 0 rgba(0,0,0,0.5),0 1px 10px 0 rgba(0,0,0,0.15); margin: 1px; max-width:540px; min-width:326px; padding:0; width:99.375%; width:-webkit-calc(100% - 2px); width:calc(100% - 2px);\" wp_automatic_readability=\"-0.24705882352941\"\/>\n<p>Ce premier barrage est pr\u00e9vu vendredi 13\u00a0juin (21\u00a0h\u00a005), et le vainqueur affrontera le Stade Toulousain et ses 23\u00a0titres de champion de France en demi-finale.<\/p>\n<p>\u00c0 quelle heure et sur quelle cha\u00eene TV suivre le match Bayonne &#8211; Clermont\u00a0?<\/p>\n<p>Le coup d\u2019envoi du match entre l\u2019Aviron bayonnais et l\u2019ASM Clermont sera donn\u00e9 vendredi 13\u00a0juin \u00e0 21\u00a0h\u00a005. La rencontre sera diffus\u00e9e sur Canal +\u00a0et un direct comment\u00e9 sera assur\u00e9 sur notre site internet ouest-france.fr.<\/p>\n<p>Toulon bien plac\u00e9 face \u00e0 Castres<\/p>\n<p>Le lendemain, samedi 14\u00a0juin (21\u00a0h\u00a005), Toulon recevra le Castres Olympique. En pleine bataille avec l\u2019UBB jusqu\u2019\u00e0 la derni\u00e8re journ\u00e9e pour la deuxi\u00e8me place, le RCT a d\u00fb se satisfaire de la meilleure des positions pour ces barrages (3e)\u00a0: une rencontre \u00e0 disputer \u00e0 domicile face au sixi\u00e8me du championnat.<\/p>\n<blockquote class=\"instagram-media\" data-instgrm-captioned=\"\" data-instgrm-permalink=\"https:\/\/www.instagram.com\/p\/DKnVkJTR5rU\/?utm_source=ig_embed&amp;utm_campaign=loading\" data-instgrm-version=\"14\" style=\" background:#FFF; border:0; border-radius:3px; box-shadow:0 0 1px 0 rgba(0,0,0,0.5),0 1px 10px 0 rgba(0,0,0,0.15); margin: 1px; max-width:540px; min-width:326px; padding:0; width:99.375%; width:-webkit-calc(100% - 2px); width:calc(100% - 2px);\" wp_automatic_readability=\"-0.20388349514563\"\/>\n<p>Favoris de ces barrages, les Toulonnais n\u2019ont plus \u00e9t\u00e9 aper\u00e7us dans le dernier carr\u00e9 depuis 2017. En face, le CO est arriv\u00e9 dans le Top 6, comme Clermont, sur la pointe des pieds, fermant la porte au Stade Rochelais, le privant de phases finales pour la premi\u00e8re fois depuis 2018. Le vainqueur de cette rencontre Toulon &#8211; Castres devra ensuite faire face au r\u00e9cent champion d\u2019Europe\u00a0: l\u2019Union Bordeaux B\u00e8gles.<\/p>\n<p>\u00c0 quelle heure et sur quelle cha\u00eene TV suivre le match Toulon &#8211; Castres\u00a0?<\/p>\n<p>Le coup d\u2019envoi du match entre le RC Toulon et le Castres Olympique sera donn\u00e9 samedi 14\u00a0juin \u00e0 21\u00a0h\u00a005. La rencontre sera diffus\u00e9e sur Canal +\u00a0et un direct comment\u00e9 sera assur\u00e9 sur notre site internet ouest-france.fr.<\/p>\n<p>Les potentielles affiches en demi-finales<\/p>\n<p>Toulouse &#8211; Bayonne ou Clermont, le vendredi 20\u00a0juin (21\u00a0h\u00a005).<\/p>\n<p>Bordeaux B\u00e8gles &#8211; Toulon ou Castres, le samedi 21\u00a0juin (21\u00a0h\u00a005).<\/p>\n<p>La finale est pr\u00e9vue le 28\u00a0juin 2025 avec un grand retour au Stade de France, alors que les demi-finales se joueront au Groupama Stadium, \u00e0 Lyon.<\/p>\n<p>\u00a0<\/p>\n<p>\t\t<script async src=\"\/\/www.instagram.com\/embed.js\"><\/script><\/p>\n","protected":false},"excerpt":{"rendered":"Toulouse, confortablement install\u00e9 dans un fauteuil en phase r\u00e9guli\u00e8re, attend de conna\u00eetre le nom de son adversaire pour&hellip;\n","protected":false},"author":2,"featured_media":170365,"comment_status":"","ping_status":"","sticky":false,"template":"","format":"standard","meta":{"footnotes":""},"categories":[9619],"tags":[1111,11,3809,1465,1777,674,63,1011,27,1792,1922,12,882,25,479,517,2310,1470],"class_list":{"0":"post-170364","1":"post","2":"type-post","3":"status-publish","4":"format-standard","5":"has-post-thumbnail","7":"category-toulon","8":"tag-actu","9":"tag-actualites","10":"tag-ball","11":"tag-basket","12":"tag-eu","13":"tag-europe","14":"tag-football","15":"tag-fr","16":"tag-france","17":"tag-handball","18":"tag-info","19":"tag-news","20":"tag-provence-alpes-cote-dazur","21":"tag-republique-francaise","22":"tag-rugby","23":"tag-sport","24":"tag-toulon","25":"tag-volley"},"share_on_mastodon":{"url":"https:\/\/pubeurope.com\/@fr\/114669496831913675","error":""},"_links":{"self":[{"href":"https:\/\/www.europesays.com\/fr\/wp-json\/wp\/v2\/posts\/170364","targetHints":{"allow":["GET"]}}],"collection":[{"href":"https:\/\/www.europesays.com\/fr\/wp-json\/wp\/v2\/posts"}],"about":[{"href":"https:\/\/www.europesays.com\/fr\/wp-json\/wp\/v2\/types\/post"}],"author":[{"embeddable":true,"href":"https:\/\/www.europesays.com\/fr\/wp-json\/wp\/v2\/users\/2"}],"replies":[{"embeddable":true,"href":"https:\/\/www.europesays.com\/fr\/wp-json\/wp\/v2\/comments?post=170364"}],"version-history":[{"count":0,"href":"https:\/\/www.europesays.com\/fr\/wp-json\/wp\/v2\/posts\/170364\/revisions"}],"wp:featuredmedia":[{"embeddable":true,"href":"https:\/\/www.europesays.com\/fr\/wp-json\/wp\/v2\/media\/170365"}],"wp:attachment":[{"href":"https:\/\/www.europesays.com\/fr\/wp-json\/wp\/v2\/media?parent=170364"}],"wp:term":[{"taxonomy":"category","embeddable":true,"href":"https:\/\/www.europesays.com\/fr\/wp-json\/wp\/v2\/categories?post=170364"},{"taxonomy":"post_tag","embeddable":true,"href":"https:\/\/www.europesays.com\/fr\/wp-json\/wp\/v2\/tags?post=170364"}],"curies":[{"name":"wp","href":"https:\/\/api.w.org\/{rel}","templated":true}]}}