{"id":17037,"date":"2025-04-11T10:23:19","date_gmt":"2025-04-11T10:23:19","guid":{"rendered":"https:\/\/www.europesays.com\/fr\/17037\/"},"modified":"2025-04-11T10:23:19","modified_gmt":"2025-04-11T10:23:19","slug":"des-soignant-es-revenu-es-de-gaza-en-greve-de-la-faim","status":"publish","type":"post","link":"https:\/\/www.europesays.com\/fr\/17037\/","title":{"rendered":"des soignant-es revenu-es de Gaza en gr\u00e8ve de la faim"},"content":{"rendered":"<p class=\"has-text-align-center\"><strong>Ce jeudi nous avons rencontr\u00e9 \u00e0 Nantes Pascal Andr\u00e9, Amina Mansouri et Maria Sakali, membres du collectif \u00abJe\u00fbne Solidaire \/ Hungry for Palestine\u00bb et qui ont entam\u00e9 une gr\u00e8ve de la faim pour interpeller la soci\u00e9t\u00e9 civile et les politiques sur les injustices et les crimes commis en Palestine par Isra\u00ebl.<\/strong><\/p>\n<p><img loading=\"lazy\" decoding=\"async\" width=\"1000\" height=\"1000\" data-attachment-id=\"91677\" data-permalink=\"https:\/\/contre-attaque.net\/2025\/04\/11\/nantes-des-soignant-es-revenu-es-de-gaza-en-greve-de-la-faim\/sans-titre-6-6\/\" data-orig-file=\"https:\/\/www.europesays.com\/fr\/wp-content\/uploads\/2025\/04\/Sans-titre-6.jpg\" data-orig-size=\"1000,1000\" data-comments-opened=\"0\" data-image-meta=\"{&quot;aperture&quot;:&quot;0&quot;,&quot;credit&quot;:&quot;&quot;,&quot;camera&quot;:&quot;&quot;,&quot;caption&quot;:&quot;&quot;,&quot;created_timestamp&quot;:&quot;0&quot;,&quot;copyright&quot;:&quot;&quot;,&quot;focal_length&quot;:&quot;0&quot;,&quot;iso&quot;:&quot;0&quot;,&quot;shutter_speed&quot;:&quot;0&quot;,&quot;title&quot;:&quot;&quot;,&quot;orientation&quot;:&quot;0&quot;}\" data-image-title=\"Sans titre 6\" data-image-description=\"\" data-image-caption=\"\" data-medium-file=\"https:\/\/contre-attaque.net\/wp-content\/uploads\/2025\/04\/Sans-titre-6-300x300.jpg\" data-large-file=\"https:\/\/www.europesays.com\/fr\/wp-content\/uploads\/2025\/04\/Sans-titre-6.jpg\" src=\"https:\/\/www.europesays.com\/fr\/wp-content\/uploads\/2025\/04\/Sans-titre-6.jpg\" alt=\"Pascal Andr\u00e9, Amina Mansouri et Maria Sakali, membres du collectif \u00abJe\u00fbne Solidaire \/ Hungry for Palestine\u00bb, lors de leur tourn\u00e9e \u00e0 Nantes pour leur gr\u00e8ve de la faim.\" class=\"wp-image-91677\"  \/><\/p>\n<p>Les objectifs de ce collectif, se d\u00e9crivant comme apolitique, la\u00efc, sans \u00e9tiquette et non-violent, sont guid\u00e9s par le respect du droit international et humanitaire. Il demande :<\/p>\n<ul class=\"wp-block-list\">\n<li>L\u2019application des mandats d\u2019arr\u00eat de la CPI<\/li>\n<li>Le r\u00e9tablissement des corridors humanitaires<\/li>\n<li>L\u2019arr\u00eat de la coop\u00e9ration militaire et \u00e9conomique avec Isra\u00ebl, ainsi que l\u2019\u00e9tablissement de sanctions \u00e0 son encontre<\/li>\n<\/ul>\n<p>Pascal Andr\u00e9, m\u00e9decin urgentiste, en \u00e9tait \u00e0 son onzi\u00e8me jour de gr\u00e8ve de la faim hier, d\u00e9marr\u00e9e le 31 mars dernier et dans la continuit\u00e9 de son implication pour la Palestine, o\u00f9 il a pass\u00e9 15 jours en f\u00e9vrier 2024 \u00e0 l\u2019h\u00f4pital europ\u00e9en de Khan Youn\u00e8s \u00e0 Gaza. Ce sont ses confr\u00e8res et cons\u0153urs palestinien-nes qui l\u2019ont encourag\u00e9 \u00e0 mener ce combat depuis la France, estimant que ce sont les gouvernements occidentaux qui ont le pouvoir de contraindre Isra\u00ebl \u00e0 mettre fin aux massacres. Dans la lign\u00e9e du serment d\u2019Hippocrate, il consid\u00e8re que c\u2019est en traitant le mal \u00e0 la racine que la gu\u00e9rison sera possible.<\/p>\n<p>Pascal Andr\u00e9 t\u00e9moigne \u00e9galement des difficult\u00e9s d\u2019acheminement de l\u2019aide humanitaire, qui s\u2019appliquent aussi aux m\u00e9decins. Trois de ses demandes pour retourner \u00e0 Gaza ont \u00e9t\u00e9 refus\u00e9es par Isra\u00ebl, et seulement 5 des 18 m\u00e9decins ayant formul\u00e9 cette demande ont re\u00e7u une approbation. M\u00eame lorsque l\u2019autorisation est accord\u00e9e, Isra\u00ebl interdit aux m\u00e9decins d\u2019apporter du mat\u00e9riel m\u00e9dical sur place. En bref : tout est fait pour empirer le sort des Gazaouis.<\/p>\n<p>Le collectif poursuit son action et se rendra dans les villes suivantes : Rennes, Le Mans, Clermont-Ferrand, Lyon, Grenoble, Gen\u00e8ve, Besan\u00e7on, Strasbourg, Lille et Bruxelles.<\/p>\n<p>Pour suivre leur parcours ou les contacter, vous pouvez consulter leur compte Instagram <a href=\"https:\/\/www.instagram.com\/hungryforjusticeinpalestine\/\" target=\"_blank\" rel=\"noreferrer noopener\">@hungryforjusticeinpalestine<\/a> ou <a href=\"https:\/\/taplink.cc\/hungryforjusticeinpalestine\" target=\"_blank\" rel=\"noreferrer noopener\">leur site internet<\/a>.<\/p>\n<p>\t\t\t<script async src=\"\/\/www.instagram.com\/embed.js\"><\/script><\/p>\n","protected":false},"excerpt":{"rendered":"Ce jeudi nous avons rencontr\u00e9 \u00e0 Nantes Pascal Andr\u00e9, Amina Mansouri et Maria Sakali, membres du collectif \u00abJe\u00fbne&hellip;\n","protected":false},"author":2,"featured_media":17038,"comment_status":"","ping_status":"","sticky":false,"template":"","format":"standard","meta":{"footnotes":""},"categories":[2818],"tags":[1111,11,1777,674,1011,27,665,5937,766,12,3518,2636,25],"class_list":{"0":"post-17037","1":"post","2":"type-post","3":"status-publish","4":"format-standard","5":"has-post-thumbnail","7":"category-nantes","8":"tag-actu","9":"tag-actualites","10":"tag-eu","11":"tag-europe","12":"tag-fr","13":"tag-france","14":"tag-gaza","15":"tag-greve-de-la-faim","16":"tag-nantes","17":"tag-news","18":"tag-palestine","19":"tag-pays-de-la-loire","20":"tag-republique-francaise"},"share_on_mastodon":{"url":"https:\/\/pubeurope.com\/@fr\/114318842537904824","error":""},"_links":{"self":[{"href":"https:\/\/www.europesays.com\/fr\/wp-json\/wp\/v2\/posts\/17037","targetHints":{"allow":["GET"]}}],"collection":[{"href":"https:\/\/www.europesays.com\/fr\/wp-json\/wp\/v2\/posts"}],"about":[{"href":"https:\/\/www.europesays.com\/fr\/wp-json\/wp\/v2\/types\/post"}],"author":[{"embeddable":true,"href":"https:\/\/www.europesays.com\/fr\/wp-json\/wp\/v2\/users\/2"}],"replies":[{"embeddable":true,"href":"https:\/\/www.europesays.com\/fr\/wp-json\/wp\/v2\/comments?post=17037"}],"version-history":[{"count":0,"href":"https:\/\/www.europesays.com\/fr\/wp-json\/wp\/v2\/posts\/17037\/revisions"}],"wp:featuredmedia":[{"embeddable":true,"href":"https:\/\/www.europesays.com\/fr\/wp-json\/wp\/v2\/media\/17038"}],"wp:attachment":[{"href":"https:\/\/www.europesays.com\/fr\/wp-json\/wp\/v2\/media?parent=17037"}],"wp:term":[{"taxonomy":"category","embeddable":true,"href":"https:\/\/www.europesays.com\/fr\/wp-json\/wp\/v2\/categories?post=17037"},{"taxonomy":"post_tag","embeddable":true,"href":"https:\/\/www.europesays.com\/fr\/wp-json\/wp\/v2\/tags?post=17037"}],"curies":[{"name":"wp","href":"https:\/\/api.w.org\/{rel}","templated":true}]}}