{"id":170382,"date":"2025-06-12T08:50:09","date_gmt":"2025-06-12T08:50:09","guid":{"rendered":"https:\/\/www.europesays.com\/fr\/170382\/"},"modified":"2025-06-12T08:50:09","modified_gmt":"2025-06-12T08:50:09","slug":"une-nouvelle-boutique-a-fait-son-apparition-voici-ce-quelle-propose","status":"publish","type":"post","link":"https:\/\/www.europesays.com\/fr\/170382\/","title":{"rendered":"une nouvelle boutique a fait son apparition, voici ce qu&rsquo;elle propose"},"content":{"rendered":"<p>            Par<br \/>\n        <strong><br \/>\n            <a href=\"https:\/\/actu.fr\/auteur\/ivan-capecchi\" title=\"Consulter tous les articles de Ivan CAPECCHI\" target=\"_blank\" rel=\"noopener\">Ivan CAPECCHI<\/a><br \/>\n        <\/strong><\/p>\n<p>        Publi\u00e9 le<\/p>\n<p>            12 juin 2025 \u00e0 9h45        <\/p>\n<p>Mercredi, une nouvelle boutique duty free a ouvert ses portes \u00e0 l\u2019<a href=\"https:\/\/actu.fr\/grand-est\/strasbourg_67482\/l-aeroport-de-strasbourg-change-de-directeur-decouvrez-le-parcours-du-successeur-de-renaud-paubelle_62438679.html\" target=\"_blank\" rel=\"noopener\">a\u00e9roport de Strasbourg<\/a>.<\/p>\n<p class=\" wall-content\">Nomm\u00e9e <strong>Aelia<\/strong>, elle propose des <strong>souvenirs d\u2019Alsace, des parfums, des cosm\u00e9tiques, de l\u2019alcool, des encas<\/strong>, ou encore des <strong>articles de beaut\u00e9<\/strong>.\u00a0<\/p>\n<p>Une boutique de restauration rapide ces prochains jours<\/p>\n<p class=\" wall-content\">Pour rappel, \u00e0 la suite d\u2019un changement d\u2019op\u00e9rateur d\u00e9but novembre 2024, l\u2019<strong>a\u00e9roport de Strasbourg<\/strong> a lanc\u00e9, en partenariat avec le groupe<strong> Lagard\u00e8re Travel Retail France<\/strong>, un projet de refonte des espaces <a href=\"https:\/\/actu.fr\/tag\/commerce\" target=\"_blank\" rel=\"noopener\">commerces<\/a>, <strong>restauration rapide<\/strong> et de <strong>distribution automatique<\/strong>.<\/p>\n<p class=\" wall-content\">Dans ce cadre, une autre boutique ouvrira ces prochains jours, du c\u00f4t\u00e9 de l\u2019<strong>a\u00e9rogare passagers<\/strong>.<\/p>\n<p>Vid\u00e9os : en ce moment sur Actu<\/p>\n<p class=\" wall-content\">Elle proposera une <strong>offre de petite restauration rapide<\/strong>.\u00a0<\/p>\n<p class=\" wall-content\">Suivez toute l\u2019actualit\u00e9 de vos villes et m\u00e9dias favoris en vous inscrivant \u00e0 <a href=\"https:\/\/moncompte.actu.fr\" title=\"D\u00e9couvez Mon Actu\" rel=\"nofollow noopener\" data-trk=\"{&quot;cta&quot;:{&quot;action&quot;:&quot;https:\\\/\\\/moncompte.actu.fr&quot;,&quot;category&quot;:&quot;mon compte&quot;,&quot;from&quot;:&quot;article footer&quot;,&quot;name&quot;:&quot;Mon actu&quot;,&quot;type&quot;:&quot;cta&quot;}}\" target=\"_blank\">Mon Actu<\/a>.<\/p>\n<ul class=\"ac-article-tag wall-content\">\n<li><a href=\"https:\/\/actu.fr\/tag\/aeroport-de-strasbourg\" data-trk=\"{&quot;cta&quot;:{&quot;action&quot;:&quot;A\\u00e9roport de Strasbourg&quot;,&quot;category&quot;:&quot;tag&quot;,&quot;from&quot;:&quot;article footer&quot;,&quot;name&quot;:&quot;A\\u00e9roport de Strasbourg&quot;,&quot;type&quot;:&quot;cta&quot;}}\" target=\"_blank\" rel=\"noopener\">#A\u00e9roport de Strasbourg<\/a><\/li>\n<li><a href=\"https:\/\/actu.fr\/tag\/commerce\" data-trk=\"{&quot;cta&quot;:{&quot;action&quot;:&quot;Commerce&quot;,&quot;category&quot;:&quot;tag&quot;,&quot;from&quot;:&quot;article footer&quot;,&quot;name&quot;:&quot;Commerce&quot;,&quot;type&quot;:&quot;cta&quot;}}\" target=\"_blank\" rel=\"noopener\">#Commerce<\/a><\/li>\n<\/ul>\n","protected":false},"excerpt":{"rendered":"Par Ivan CAPECCHI Publi\u00e9 le 12 juin 2025 \u00e0 9h45 Mercredi, une nouvelle boutique duty free a ouvert&hellip;\n","protected":false},"author":2,"featured_media":170383,"comment_status":"","ping_status":"","sticky":false,"template":"","format":"standard","meta":{"footnotes":""},"categories":[2820],"tags":[1111,11,30491,215,1777,674,1011,27,775,12,25,104,640],"class_list":{"0":"post-170382","1":"post","2":"type-post","3":"status-publish","4":"format-standard","5":"has-post-thumbnail","7":"category-strasbourg","8":"tag-actu","9":"tag-actualites","10":"tag-aeroport-de-strasbourg","11":"tag-commerce","12":"tag-eu","13":"tag-europe","14":"tag-fr","15":"tag-france","16":"tag-grand-est","17":"tag-news","18":"tag-republique-francaise","19":"tag-societe","20":"tag-strasbourg"},"share_on_mastodon":{"url":"https:\/\/pubeurope.com\/@fr\/114669540002323358","error":""},"_links":{"self":[{"href":"https:\/\/www.europesays.com\/fr\/wp-json\/wp\/v2\/posts\/170382","targetHints":{"allow":["GET"]}}],"collection":[{"href":"https:\/\/www.europesays.com\/fr\/wp-json\/wp\/v2\/posts"}],"about":[{"href":"https:\/\/www.europesays.com\/fr\/wp-json\/wp\/v2\/types\/post"}],"author":[{"embeddable":true,"href":"https:\/\/www.europesays.com\/fr\/wp-json\/wp\/v2\/users\/2"}],"replies":[{"embeddable":true,"href":"https:\/\/www.europesays.com\/fr\/wp-json\/wp\/v2\/comments?post=170382"}],"version-history":[{"count":0,"href":"https:\/\/www.europesays.com\/fr\/wp-json\/wp\/v2\/posts\/170382\/revisions"}],"wp:featuredmedia":[{"embeddable":true,"href":"https:\/\/www.europesays.com\/fr\/wp-json\/wp\/v2\/media\/170383"}],"wp:attachment":[{"href":"https:\/\/www.europesays.com\/fr\/wp-json\/wp\/v2\/media?parent=170382"}],"wp:term":[{"taxonomy":"category","embeddable":true,"href":"https:\/\/www.europesays.com\/fr\/wp-json\/wp\/v2\/categories?post=170382"},{"taxonomy":"post_tag","embeddable":true,"href":"https:\/\/www.europesays.com\/fr\/wp-json\/wp\/v2\/tags?post=170382"}],"curies":[{"name":"wp","href":"https:\/\/api.w.org\/{rel}","templated":true}]}}