{"id":170386,"date":"2025-06-12T08:52:10","date_gmt":"2025-06-12T08:52:10","guid":{"rendered":"https:\/\/www.europesays.com\/fr\/170386\/"},"modified":"2025-06-12T08:52:10","modified_gmt":"2025-06-12T08:52:10","slug":"lui-redonner-leclat-quelle-merite-renovee-la-chapelle-san-peire-de-saint-jeannet-sera-inauguree-ce-samedi-14-juin","status":"publish","type":"post","link":"https:\/\/www.europesays.com\/fr\/170386\/","title":{"rendered":"\u00ab\u00a0Lui redonner l\u2019\u00e9clat qu\u2019elle m\u00e9rite\u00a0\u00bb: r\u00e9nov\u00e9e, la chapelle San P\u00e8ire de Saint-Jeannet sera inaugur\u00e9e ce samedi 14 juin"},"content":{"rendered":"<p>Apr\u00e8s un an de travaux, la chapelle San P\u00e8ire a fait peau neuve. Un chantier d\u00e9marr\u00e9 \u00e0 l\u2019\u00e9t\u00e9 2024 et qui a \u00e9t\u00e9 financ\u00e9 par l\u2019\u00e9tat, la R\u00e9gion, la fondation du patrimoine et l\u2019association saint-jeannoise des Amis de la chapelle San P\u00e8ire.<\/p>\n<p>Construite au XIe si\u00e8cle, la chapelle San P\u00e8ire fait partie des plus anciens \u00e9difices de la r\u00e9gion. Sa particularit\u00e9: elle est construite en pierres de taille pos\u00e9es \u00ab\u00a0l\u2019une \u00e0 l\u2019autre\u00a0\u00bb et non pas \u00ab\u00a0l\u2019une sur l\u2019autre\u00a0\u00bb, avec une r\u00e9gularit\u00e9 parfaite qui lui donne une grande solidit\u00e9.<\/p>\n<p>En 2023, des vestiges fun\u00e9raires avaient \u00e9t\u00e9 retrouv\u00e9s dans les jardins alentour, lors de fouilles arch\u00e9ologiques.<\/p>\n<p>\u00ab\u00a0Un vrai bijou de l\u2019art roman\u00a0\u00bb<\/p>\n<p>C\u00e9line L\u00e9gal Rouger, adjointe \u00e0 la Culture, au Tourisme et au Patrimoine, a eu un coup de c\u0153ur pour cette chapelle d\u00e8s le d\u00e9but de son mandat.<\/p>\n<p>\u00ab\u00a0C\u2019est un vrai bijou de l\u2019art roman, il \u00e9tait impensable de la laisser en l\u2019\u00e9tat et de risquer qu\u2019elle s\u2019effondre un jour, se rappelle-t-elle. Nous avons tout mis en \u0153uvre pour qu\u2019un nouveau projet aboutisse et pour enfin lui redonner l\u2019\u00e9clat qu\u2019elle m\u00e9rite.\u00a0\u00bb<\/p>\n<p>L\u2019\u00e9difice fait d\u00e9sormais partie int\u00e9grante du circuit des chapelles cr\u00e9\u00e9 par le service culture et patrimoine de la commune.<\/p>\n<p>La chapelle sera inaugur\u00e9e, samedi, \u00e0 11h. Dans un deuxi\u00e8me temps, mardi 17 juin, \u00e0 18h, le service arch\u00e9ologie de la M\u00e9tropole proposera une visite comment\u00e9e de la chapelle avec une exposition photographique d\u00e9di\u00e9e \u00e0 l\u2019histoire du patrimoine roman.<\/p>\n","protected":false},"excerpt":{"rendered":"Apr\u00e8s un an de travaux, la chapelle San P\u00e8ire a fait peau neuve. Un chantier d\u00e9marr\u00e9 \u00e0 l\u2019\u00e9t\u00e9&hellip;\n","protected":false},"author":2,"featured_media":170387,"comment_status":"","ping_status":"","sticky":false,"template":"","format":"standard","meta":{"footnotes":""},"categories":[2819],"tags":[1111,11,1777,674,1011,27,12,2401,882,25,3366],"class_list":{"0":"post-170386","1":"post","2":"type-post","3":"status-publish","4":"format-standard","5":"has-post-thumbnail","7":"category-nice","8":"tag-actu","9":"tag-actualites","10":"tag-eu","11":"tag-europe","12":"tag-fr","13":"tag-france","14":"tag-news","15":"tag-nice","16":"tag-provence-alpes-cote-dazur","17":"tag-republique-francaise","18":"tag-vie-locale"},"share_on_mastodon":{"url":"https:\/\/pubeurope.com\/@fr\/114669547884755138","error":""},"_links":{"self":[{"href":"https:\/\/www.europesays.com\/fr\/wp-json\/wp\/v2\/posts\/170386","targetHints":{"allow":["GET"]}}],"collection":[{"href":"https:\/\/www.europesays.com\/fr\/wp-json\/wp\/v2\/posts"}],"about":[{"href":"https:\/\/www.europesays.com\/fr\/wp-json\/wp\/v2\/types\/post"}],"author":[{"embeddable":true,"href":"https:\/\/www.europesays.com\/fr\/wp-json\/wp\/v2\/users\/2"}],"replies":[{"embeddable":true,"href":"https:\/\/www.europesays.com\/fr\/wp-json\/wp\/v2\/comments?post=170386"}],"version-history":[{"count":0,"href":"https:\/\/www.europesays.com\/fr\/wp-json\/wp\/v2\/posts\/170386\/revisions"}],"wp:featuredmedia":[{"embeddable":true,"href":"https:\/\/www.europesays.com\/fr\/wp-json\/wp\/v2\/media\/170387"}],"wp:attachment":[{"href":"https:\/\/www.europesays.com\/fr\/wp-json\/wp\/v2\/media?parent=170386"}],"wp:term":[{"taxonomy":"category","embeddable":true,"href":"https:\/\/www.europesays.com\/fr\/wp-json\/wp\/v2\/categories?post=170386"},{"taxonomy":"post_tag","embeddable":true,"href":"https:\/\/www.europesays.com\/fr\/wp-json\/wp\/v2\/tags?post=170386"}],"curies":[{"name":"wp","href":"https:\/\/api.w.org\/{rel}","templated":true}]}}