{"id":170390,"date":"2025-06-12T08:54:10","date_gmt":"2025-06-12T08:54:10","guid":{"rendered":"https:\/\/www.europesays.com\/fr\/170390\/"},"modified":"2025-06-12T08:54:10","modified_gmt":"2025-06-12T08:54:10","slug":"on-fait-des-economies-une-solution-pour-optimiser-les-deplacements-des-artisans-a","status":"publish","type":"post","link":"https:\/\/www.europesays.com\/fr\/170390\/","title":{"rendered":"\u00ab\u00a0On fait des \u00e9conomies\u00a0\u00bb\u00a0: une solution pour optimiser les d\u00e9placements des artisans \u00e0"},"content":{"rendered":"<p><a href=\"https:\/\/rennes.maville.com\/actu\/actudet_-rennes.-la-logistique-du-dernier-km-un-defi-pour-livrer-en-centre-ville-_7-4812661_actu.Htm\" target=\"_blank\" rel=\"noopener\">La logistique du dernier kilom\u00e8tre est un enjeu des grandes villes<\/a> pour des commer\u00e7ants et des artisans soumis aux contraintes de circulation et de difficult\u00e9 des livraisons. Un dispositif national est test\u00e9 dans la m\u00e9tropole nantaise.<\/p>\n<p>C\u2019est quoi le programme Soluce d\u00e9ploy\u00e9 dans l\u2019agglom\u00e9ration nantaise et d\u00e9di\u00e9 aux artisans et commer\u00e7ants\u00a0?<\/p>\n<p>La n\u00e9cessit\u00e9 de faire des &#8230;<\/p>\n<p>\u00a0<\/p>\n","protected":false},"excerpt":{"rendered":"La logistique du dernier kilom\u00e8tre est un enjeu des grandes villes pour des commer\u00e7ants et des artisans soumis&hellip;\n","protected":false},"author":2,"featured_media":170391,"comment_status":"","ping_status":"","sticky":false,"template":"","format":"standard","meta":{"footnotes":""},"categories":[2818],"tags":[1111,11,18004,10179,30492,1777,674,21,1011,27,766,12,30493,2636,25,9451],"class_list":{"0":"post-170390","1":"post","2":"type-post","3":"status-publish","4":"format-standard","5":"has-post-thumbnail","7":"category-nantes","8":"tag-actu","9":"tag-actualites","10":"tag-artisans","11":"tag-deplacements","12":"tag-economies","13":"tag-eu","14":"tag-europe","15":"tag-fait","16":"tag-fr","17":"tag-france","18":"tag-nantes","19":"tag-news","20":"tag-optimiser","21":"tag-pays-de-la-loire","22":"tag-republique-francaise","23":"tag-solution"},"share_on_mastodon":{"url":"https:\/\/pubeurope.com\/@fr\/114669555789417167","error":""},"_links":{"self":[{"href":"https:\/\/www.europesays.com\/fr\/wp-json\/wp\/v2\/posts\/170390","targetHints":{"allow":["GET"]}}],"collection":[{"href":"https:\/\/www.europesays.com\/fr\/wp-json\/wp\/v2\/posts"}],"about":[{"href":"https:\/\/www.europesays.com\/fr\/wp-json\/wp\/v2\/types\/post"}],"author":[{"embeddable":true,"href":"https:\/\/www.europesays.com\/fr\/wp-json\/wp\/v2\/users\/2"}],"replies":[{"embeddable":true,"href":"https:\/\/www.europesays.com\/fr\/wp-json\/wp\/v2\/comments?post=170390"}],"version-history":[{"count":0,"href":"https:\/\/www.europesays.com\/fr\/wp-json\/wp\/v2\/posts\/170390\/revisions"}],"wp:featuredmedia":[{"embeddable":true,"href":"https:\/\/www.europesays.com\/fr\/wp-json\/wp\/v2\/media\/170391"}],"wp:attachment":[{"href":"https:\/\/www.europesays.com\/fr\/wp-json\/wp\/v2\/media?parent=170390"}],"wp:term":[{"taxonomy":"category","embeddable":true,"href":"https:\/\/www.europesays.com\/fr\/wp-json\/wp\/v2\/categories?post=170390"},{"taxonomy":"post_tag","embeddable":true,"href":"https:\/\/www.europesays.com\/fr\/wp-json\/wp\/v2\/tags?post=170390"}],"curies":[{"name":"wp","href":"https:\/\/api.w.org\/{rel}","templated":true}]}}