{"id":170392,"date":"2025-06-12T08:55:10","date_gmt":"2025-06-12T08:55:10","guid":{"rendered":"https:\/\/www.europesays.com\/fr\/170392\/"},"modified":"2025-06-12T08:55:10","modified_gmt":"2025-06-12T08:55:10","slug":"waldemar-kita-allume-la-lfp-aristouy-et-lom-france-fc-nantes","status":"publish","type":"post","link":"https:\/\/www.europesays.com\/fr\/170392\/","title":{"rendered":"Waldemar Kita allume la LFP, Aristouy et l&rsquo;OM &#8211; France &#8211; FC Nantes"},"content":{"rendered":"<p>Vous \u00eates plut\u00f4t team saumon ou team salami ?<\/p>\n<p>Dans un entretien accord\u00e9 <a target=\"_blank\" href=\"https:\/\/www.lequipe.fr\/Football\/Article\/-on-ne-peut-pas-se-permettre-de-ne-pas-etre-patient-waldemar-kita-et-la-nouvelle-philosophie-du-fc-nantes\/1569460\" rel=\"nofollow noopener\">\u00e0 L\u2019Equipe<\/a>, <strong>Waldemar Kita a abord\u00e9 le nouveau projet nantais<\/strong> avec <a target=\"_blank\" href=\"https:\/\/www.sofoot.com\/breves\/luis-castro-dunkerque-en-passe-de-devenir-le-nouvel-entraineur-de-nantes#:~:text=Luis%20Castro%2C%20technicien%20portugais%20de,&#039;USLD%20jusqu&#039;en%202027.\" rel=\"nofollow noopener\">l\u2019arriv\u00e9e prochaine de Luis Castro<\/a> sur le banc des Canaris, sans oublier d\u2019\u00e9gratigner la gestion du football fran\u00e7ais, Pierre Aristouy et l\u2019Olympique de Marseille. Le pr\u00e9sident de l\u2019institution nantaise depuis 2007 annonce ainsi un renouveau pour le FCN avec son nouveau technicien : \u00ab\u202fJe ne me fixe pas d\u2019objectif, je pense \u00e0 construire, voir \u00e0 l\u2019\u0153uvre la philosophie du coach, avec des nouvelles t\u00eates, des d\u00e9parts. On pourra mieux sentir les choses en septembre-octobre. On n\u2019a pas \u00e9t\u00e9 \u00e0 la hauteur pendant deux-trois ans et je voudrais que les gens viennent au stade pour prendre du plaisir, qu\u2019on puisse marquer des buts et pas d\u00e9fendre tout le temps.\u202f\u00bb\u00a0<strong>Le pr\u00e9sident des Canaris a \u00e9galement admis devoir r\u00e9viser son budget pour les saisons \u00e0 venir<\/strong> en le r\u00e9sumant par la tirade \u00ab\u202fQuand vous ne pouvez pas vous acheter du saumon, on ne doit d\u00e9penser qu\u2019en fonction de ses propres moyens, vous ne prenez que du salami et encore, il nous faut mettre en plus de l\u2019argent, on le sait\u00a0\u00bb.<\/p>\n<p>La LFP, Aristouy et l\u2019OM sous le feu des critiques de Kita<\/p>\n<p>Interrog\u00e9 en parall\u00e8le sur les ressemblances de philosophie entre Castro et Aristouy, <strong>Kita ne s\u2019est pas priv\u00e9 pour critiquer de nouveau l\u2019ancien attaquant nantais<\/strong> du d\u00e9but des ann\u00e9es 2000 : \u00ab\u00a0lui, quand il aura la politesse d\u2019\u00e9changer avec le pr\u00e9sident et de le respecter, il va d\u00e9j\u00e0 gagner beaucoup. On lui a donn\u00e9 une chance inou\u00efe, on lui a augment\u00e9 son salaire et, pendant des semaines, il ne m\u2019avait pas adress\u00e9 la parole ou appel\u00e9\u202f\u00bb.\u00a0<\/p>\n<p>Pr\u00e9sent\u00e9 auparavant comme un proche de Vincent Labrune, le pr\u00e9sident de la Ligue de Football Professionnel, Kita a peu \u00e0 peu pris ses distances avec l\u2019ancien pr\u00e9sident marseillais apr\u00e8s les auditions devant le S\u00e9nat en juin 2024. Interrog\u00e9 \u00e0 ce propos, le pr\u00e9sident nantais affirme avoir \u00ab\u202f\u00e9t\u00e9 balad\u00e9\u202f\u00bb. \u00ab\u00a0on a tous une part de responsabilit\u00e9, moi aussi, et c\u2019est le S\u00e9nat qui m\u2019a ouvert les yeux. Ils te disent, un chef d\u2019entreprise qui a r\u00e9ussi comme vous, vous ne savez m\u00eame pas ce que vous avez sign\u00e9\u00a0? Ils ont raison. Mais tu fais confiance \u00e0 la direction de la LFP. Ni moi ni personne n\u2019avons relu.\u202f\u00bb<\/p>\n<p>Alors que l\u2019Olympique de Marseille a eu tendance \u00e0 aller chercher des talents du c\u00f4t\u00e9 de la Cit\u00e9 des Ducs ces derni\u00e8res ann\u00e9es, \u00e0 l\u2019instar de Valentin Rongier ou <a target=\"_blank\" href=\"https:\/\/www.sofoot.com\/breves\/quentin-merlin-raconte-ce-que-signer-a-marseille-a-change-pour-lui\" rel=\"nofollow noopener\">plus r\u00e9cemment Quentin Merlin<\/a>, le board olympien avait cibl\u00e9 le profil de Matthis Abline qui dispute actuellement <a target=\"_blank\" href=\"https:\/\/www.sofoot.com\/articles\/euro-espoirs-sans-tetes-daffiche-pas-une-raison-pour-les-bleuets-de-ne-pas-eclore\" rel=\"nofollow noopener\">l\u2019Euro espoirs avec les Bleuets<\/a> comme piste en attaque. <strong>Une piste refroidi par le pr\u00e9sident nantais<\/strong> qui a d\u00e9clar\u00e9 : \u00ab\u202fSi \u00e0 Marseille ils pensent prendre Abline pour rien du tout, ils se trompent. Qu\u2019ils arr\u00eatent \u00e0 chaque fois de faire pression sur les joueurs. Ils l\u2019ont fait avec Rongier et Merlin. Abline n\u2019ira pas \u00e0 l\u2019OM, sauf s\u2019ils paient une fortune, 50 millions d\u2019euros. Ils n\u2019ont pas tant d\u2019argent que \u00e7a. Mais j\u2019aimerais qu\u2019il reste\u202f\u00bb.<\/p>\n<p>Sur un malentendu \u00e7a peut passer.<\/p>\n<p>\t\t\t\t\t\t\t\t\t\t<a class=\"lien-connexe\" href=\"https:\/\/www.sofoot.com\/breves\/nicolas-pallois-et-marcus-coco-non-prolonge-par-le-fc-nantes\" rel=\"nofollow noopener\" target=\"_blank\">Alerte\u202f: Nicolas Pallois et Nantes, c\u2019est fini\u202f!<\/a>\t\t\t\t\t<\/p>\n","protected":false},"excerpt":{"rendered":"Vous \u00eates plut\u00f4t team saumon ou team salami ? Dans un entretien accord\u00e9 \u00e0 L\u2019Equipe, Waldemar Kita a&hellip;\n","protected":false},"author":2,"featured_media":170393,"comment_status":"","ping_status":"","sticky":false,"template":"","format":"standard","meta":{"footnotes":""},"categories":[2818],"tags":[1111,47,11,61,69,65,64,1777,674,63,1011,27,68,66,766,12,62,2636,70,25,67],"class_list":{"0":"post-170392","1":"post","2":"type-post","3":"status-publish","4":"format-standard","5":"has-post-thumbnail","7":"category-nantes","8":"tag-actu","9":"tag-actualite","10":"tag-actualites","11":"tag-actus-football","12":"tag-bundesliga","13":"tag-championnats-europeens","14":"tag-equipe-de-france","15":"tag-eu","16":"tag-europe","17":"tag-football","18":"tag-fr","19":"tag-france","20":"tag-ligua","21":"tag-ligue-1","22":"tag-nantes","23":"tag-news","24":"tag-news-foot","25":"tag-pays-de-la-loire","26":"tag-premier-league","27":"tag-republique-francaise","28":"tag-serie-a"},"share_on_mastodon":{"url":"https:\/\/pubeurope.com\/@fr\/114669559697435311","error":""},"_links":{"self":[{"href":"https:\/\/www.europesays.com\/fr\/wp-json\/wp\/v2\/posts\/170392","targetHints":{"allow":["GET"]}}],"collection":[{"href":"https:\/\/www.europesays.com\/fr\/wp-json\/wp\/v2\/posts"}],"about":[{"href":"https:\/\/www.europesays.com\/fr\/wp-json\/wp\/v2\/types\/post"}],"author":[{"embeddable":true,"href":"https:\/\/www.europesays.com\/fr\/wp-json\/wp\/v2\/users\/2"}],"replies":[{"embeddable":true,"href":"https:\/\/www.europesays.com\/fr\/wp-json\/wp\/v2\/comments?post=170392"}],"version-history":[{"count":0,"href":"https:\/\/www.europesays.com\/fr\/wp-json\/wp\/v2\/posts\/170392\/revisions"}],"wp:featuredmedia":[{"embeddable":true,"href":"https:\/\/www.europesays.com\/fr\/wp-json\/wp\/v2\/media\/170393"}],"wp:attachment":[{"href":"https:\/\/www.europesays.com\/fr\/wp-json\/wp\/v2\/media?parent=170392"}],"wp:term":[{"taxonomy":"category","embeddable":true,"href":"https:\/\/www.europesays.com\/fr\/wp-json\/wp\/v2\/categories?post=170392"},{"taxonomy":"post_tag","embeddable":true,"href":"https:\/\/www.europesays.com\/fr\/wp-json\/wp\/v2\/tags?post=170392"}],"curies":[{"name":"wp","href":"https:\/\/api.w.org\/{rel}","templated":true}]}}