{"id":170394,"date":"2025-06-12T08:56:09","date_gmt":"2025-06-12T08:56:09","guid":{"rendered":"https:\/\/www.europesays.com\/fr\/170394\/"},"modified":"2025-06-12T08:56:09","modified_gmt":"2025-06-12T08:56:09","slug":"les-editions-cairn-reprennent-le-flambeau-de-confluences","status":"publish","type":"post","link":"https:\/\/www.europesays.com\/fr\/170394\/","title":{"rendered":"Les \u00e9ditions Cairn reprennent le flambeau de Confluences"},"content":{"rendered":"<p>\n\t\t\t\t\t\t\t\t\tLa marque \u00ab Confluences \u00bb subsistera au sein de Cairn en tant que label \u00e9ditorial \u00e0 part enti\u00e8re.  Photo d&rsquo;illustration : Adobe Stock\n\t\t\t\t\t\t\t\t<\/p>\n<p>Les \u00e9ditions Confluences, maison bordelaise fond\u00e9e en 1994, poursuivront leur activit\u00e9 au sein du giron des \u00e9ditions Cairn. Un rapprochement pens\u00e9 comme un partenariat \u00e9ditorial, et non une absorption, selon Herv\u00e9 Laviale, dirigeant de Cairn.<\/p>\n<p>Les \u00e9ditions Confluences, en proie \u00e0 des difficult\u00e9s \u00e9conomiques ces derniers mois, int\u00e8grent d\u00e9sormais les \u00e9ditions Cairn. Ou plut\u00f4t, comme le formule Herv\u00e9 Laviale, \u00ab les \u00e9ditions Confluences vont continuer de vivre leur vie, avec comme compagnon les \u00e9ditions Cairn \u00bb. Le fondateur et directeur de la maison paloise insiste sur la nature du rapprochement : \u00ab L\u2019id\u00e9e n\u2019est pas que Confluences devienne Cairn, mais que les deux maisons cohabitent, coexistent, dans le but de se renforcer mutuellement sur le plan \u00e9ditorial. \u00bb  <\/p>\n<p>Reprise des actifs et int\u00e9gration \u00e9ditoriale  <\/p>\n<p>Concr\u00e8tement, la soci\u00e9t\u00e9 Confluences, mise en liquidation judiciaire, voit ses actifs repris par les \u00e9ditions Cairn. La marque \u00ab Confluences \u00bb subsistera au sein de Cairn en tant que label \u00e9ditorial \u00e0 part enti\u00e8re. Les collections existantes, en particulier \u00ab St\u00e8les \u00bb, seront valoris\u00e9es et int\u00e9gr\u00e9es au catalogue de Cairn, notamment via son r\u00e9seau commercial.<\/p>\n<p style=\"margin-left: 25px;\"><b><a href=\"https:\/\/www.placeco.fr\/bearn\/inspiration\/article\/comment-les-editions-cairn-se-sont-imposees-dans-le-sud-ouest-3911\" target=\"_blank\" rel=\"nofollow noopener\">\u00c0 lire \u00e9galement &#8211;\u00a0Comment les \u00e9ditions Cairn se sont impos\u00e9es dans le Sud-Ouest<\/a><\/b><\/p>\n<p>\u00ab Le terme de \u201crachat\u201d n\u2019est pas ad\u00e9quat \u00bb, insiste Herv\u00e9 Laviale, qui revendique un engagement \u00ab autant intellectuel que sentimental \u00bb  dans cette op\u00e9ration. \u00ab Le montant de la transaction est d\u00e9risoire au regard de l\u2019enjeu, faire vivre cette maison d\u2019\u00e9dition qu\u2019\u00c9ric Audinet a fond\u00e9e en 1994, envers et contre toutes les difficult\u00e9s que rencontrent les maisons ind\u00e9pendantes. \u00bb  <\/p>\n<p>D&rsquo;autres alliances futures ?<\/p>\n<p>\u00c9ric Audinet, dirigeant et fondateur de Confluences, rejoint d\u2019ailleurs l\u2019\u00e9quipe \u00e9ditoriale de Cairn. \u00ab C\u2019est un alli\u00e9 strat\u00e9gique \u00e0 Bordeaux. Avec cette implantation, nous pourrons rayonner depuis Bordeaux sur des territoires comme la Dordogne, la Gironde, le nord de la Nouvelle-Aquitaine, sur lesquels nous n\u2019\u00e9tions pas tr\u00e8s repr\u00e9sent\u00e9s. Cela fera partie des missions d\u2019Eric de trouver des auteurs et manuscrits dignes d\u2019int\u00e9r\u00eat dans les Deux-S\u00e8vres, en Haute-Vienne\u2026 \u00bb  <\/p>\n<p>\u00ab Dans la foul\u00e9e de ce pied mis \u00e0 Bordeaux, j\u2019esp\u00e8re convaincre d\u2019autres maisons de nous rejoindre, conclut Herv\u00e9 Laviale. Le march\u00e9 n\u2019est pas facile, ni pour les \u00e9diteurs, ni pour les diffuseurs, ni pour les libraires. Il faut se serrer les coudes. \u00bb   <\/p>\n","protected":false},"excerpt":{"rendered":"La marque \u00ab Confluences \u00bb subsistera au sein de Cairn en tant que label \u00e9ditorial \u00e0 part enti\u00e8re.&hellip;\n","protected":false},"author":2,"featured_media":170395,"comment_status":"","ping_status":"","sticky":false,"template":"","format":"standard","meta":{"footnotes":""},"categories":[2817],"tags":[1111,11,1997,1777,674,1011,27,12,2219,5645,25],"class_list":{"0":"post-170394","1":"post","2":"type-post","3":"status-publish","4":"format-standard","5":"has-post-thumbnail","7":"category-bordeaux","8":"tag-actu","9":"tag-actualites","10":"tag-bordeaux","11":"tag-eu","12":"tag-europe","13":"tag-fr","14":"tag-france","15":"tag-news","16":"tag-nouvelle-aquitaine","17":"tag-placco-placeco","18":"tag-republique-francaise"},"share_on_mastodon":{"url":"https:\/\/pubeurope.com\/@fr\/114669563646546105","error":""},"_links":{"self":[{"href":"https:\/\/www.europesays.com\/fr\/wp-json\/wp\/v2\/posts\/170394","targetHints":{"allow":["GET"]}}],"collection":[{"href":"https:\/\/www.europesays.com\/fr\/wp-json\/wp\/v2\/posts"}],"about":[{"href":"https:\/\/www.europesays.com\/fr\/wp-json\/wp\/v2\/types\/post"}],"author":[{"embeddable":true,"href":"https:\/\/www.europesays.com\/fr\/wp-json\/wp\/v2\/users\/2"}],"replies":[{"embeddable":true,"href":"https:\/\/www.europesays.com\/fr\/wp-json\/wp\/v2\/comments?post=170394"}],"version-history":[{"count":0,"href":"https:\/\/www.europesays.com\/fr\/wp-json\/wp\/v2\/posts\/170394\/revisions"}],"wp:featuredmedia":[{"embeddable":true,"href":"https:\/\/www.europesays.com\/fr\/wp-json\/wp\/v2\/media\/170395"}],"wp:attachment":[{"href":"https:\/\/www.europesays.com\/fr\/wp-json\/wp\/v2\/media?parent=170394"}],"wp:term":[{"taxonomy":"category","embeddable":true,"href":"https:\/\/www.europesays.com\/fr\/wp-json\/wp\/v2\/categories?post=170394"},{"taxonomy":"post_tag","embeddable":true,"href":"https:\/\/www.europesays.com\/fr\/wp-json\/wp\/v2\/tags?post=170394"}],"curies":[{"name":"wp","href":"https:\/\/api.w.org\/{rel}","templated":true}]}}