{"id":170415,"date":"2025-06-12T09:08:10","date_gmt":"2025-06-12T09:08:10","guid":{"rendered":"https:\/\/www.europesays.com\/fr\/170415\/"},"modified":"2025-06-12T09:08:10","modified_gmt":"2025-06-12T09:08:10","slug":"meurtre-delias-a-paris-darmanin-evoque-des-dysfonctionnements-actualites","status":"publish","type":"post","link":"https:\/\/www.europesays.com\/fr\/170415\/","title":{"rendered":"Meurtre d&rsquo;Elias \u00e0 Paris: Darmanin \u00e9voque des \u00ab\u00a0dysfonctionnements\u00a0\u00bb : Actualit\u00e9s"},"content":{"rendered":"<p class=\"lead \">Le ministre de la Justice G\u00e9rald Darmanin a \u00e9voqu\u00e9 jeudi des \u00ab\u00a0dysfonctionnements\u00a0\u00bb qui selon lui ont conduit \u00e0 la mort d&rsquo;Elias le 25 janvier \u00e0 l&rsquo;\u00e2ge de 14 ans des suites d&rsquo;une agression \u00e0 l&rsquo;arme blanche \u00e0 Paris, arguant que \u00ab\u00a0tout n&rsquo;a pas \u00e9t\u00e9 fait\u00a0\u00bb pour \u00e9viter le d\u00e9c\u00e8s de l&rsquo;adolescent.<\/p>\n<p class=\"lead \">\u00ab\u00a0J&rsquo;ai demand\u00e9 \u00e0 l&rsquo;Inspection de la justice\u00a0\u00bb de rendre \u00ab\u00a0des conclusions publiques sur ce qu&rsquo;il s&rsquo;est pass\u00e9, \u00e7a arrivera en septembre\u00a0\u00bb, \u00e0 la demande de la m\u00e8re d&rsquo;Elias, a indiqu\u00e9 le garde des Sceaux sur BFMTV. <\/p>\n<p class=\"lead \">\u00ab\u00a0Tout n&rsquo;a pas \u00e9t\u00e9 fait (&#8230;) pour que notre code des mineurs, notre code p\u00e9nal, notre fonctionnement de la justice et de la police puissent garantir la s\u00e9curit\u00e9 la plus importante \u00e0 tous les parents de France\u00a0\u00bb, a ajout\u00e9 G\u00e9rald Darmanin. <\/p>\n<p class=\"lead \">Elias avait \u00e9t\u00e9 poignard\u00e9 avec \u00ab\u00a0une lame +zombie killer+\u00a0\u00bb, une \u00ab\u00a0machette coupecoupe\u00a0\u00bb dot\u00e9e d&rsquo;une lame de 44,5 cm, selon une source proche du dossier, \u00e0 la sortie d&rsquo;un entra\u00eenement de football dans le 14e arrondissement de Paris pour avoir r\u00e9sist\u00e9 au vol de son portable. Deux mineurs de 16 et 17 ans, connus de la justice, ont \u00e9t\u00e9 mis en examen pour \u00ab\u00a0extorsion avec violences ayant entra\u00een\u00e9 la mort\u00a0\u00bb de l&rsquo;adolescent.<\/p>\n<p class=\"lead \">M. Darmanin a racont\u00e9 avoir \u00e9t\u00e9 \u00ab\u00a0choqu\u00e9\u00a0\u00bb par le fait que \u00ab\u00a0ces deux gamins qui \u00e9taient d\u00e9j\u00e0 tr\u00e8s connus des services de police, (qui) n&rsquo;avaient pas le droit de se rencontrer\u00a0\u00bb, aient pu se retrouver \u00ab\u00a0ensemble\u00a0\u00bb au moment de la mort d&rsquo;\u00c9lias.<\/p>\n<p class=\"lead \">Le ministre a fustig\u00e9 le fait que malgr\u00e9 des contr\u00f4les policiers, ces deux jeunes aient pu se fr\u00e9quenter, reconnaissant toutefois que, comme ils \u00e9taient voisins, cette mesure \u00e9tait compliqu\u00e9e \u00e0 appliquer.<\/p>\n<p class=\"lead \">\u00ab\u00a0Il y a d&rsquo;autres dysfonctionnements\u00a0\u00bb, a-t-il d\u00e9velopp\u00e9, expliquant que cette mesure \u00ab\u00a0prononc\u00e9e par la justice n&rsquo;\u00e9tait pas \u00e0 la connaissance des policiers dans ce qu&rsquo;on appelle le FPR, le fichier des personnes recherch\u00e9es\u00a0\u00bb, et qu&rsquo;aucune sanction n&rsquo;\u00e9tait pr\u00e9vue en cas de violation.<\/p>\n<p class=\"lead \">\u00ab\u00a0Lorsque les mesures d&rsquo;\u00e9ducation sont viol\u00e9es et qu&rsquo;il n&rsquo;y a aucune cons\u00e9quence par la justice, \u00e9videmment, tout \u00e7a est incompr\u00e9hensible et \u00e7a cr\u00e9e des drames\u00a0\u00bb, a-t-il ajout\u00e9, reconnaissant toutefois le \u00ab\u00a0manque de moyens\u00a0\u00bb de la justice des mineurs.<\/p>\n<p class=\"lead \">\u00ab\u00a0Des juges pour enfants, il n&rsquo;y en a pas beaucoup en France\u00a0\u00bb et ils ont \u00ab\u00a0\u00e0 peu pr\u00e8s 450 dossiers\u00a0\u00bb \u00e0 traiter chacun, a d\u00e9taill\u00e9 le ministre, annon\u00e7ant vouloir augmenter leur nombre.<\/p>\n<p class=\"small font-weight-bold text-gray3 \"> publi\u00e9 le 12 juin \u00e0 10h23, AFP<\/p>\n<p>                             Partager<\/p>\n","protected":false},"excerpt":{"rendered":"Le ministre de la Justice G\u00e9rald Darmanin a \u00e9voqu\u00e9 jeudi des \u00ab\u00a0dysfonctionnements\u00a0\u00bb qui selon lui ont conduit \u00e0&hellip;\n","protected":false},"author":2,"featured_media":170416,"comment_status":"","ping_status":"","sticky":false,"template":"","format":"standard","meta":{"footnotes":""},"categories":[1888],"tags":[1111,1928,11,1927,1719,1769,1777,674,1011,27,418,2683,12,1926,626,1925,1072,316,25],"class_list":{"0":"post-170415","1":"post","2":"type-post","3":"status-publish","4":"format-standard","5":"has-post-thumbnail","7":"category-paris","8":"tag-actu","9":"tag-actu-paris","10":"tag-actualites","11":"tag-actualites-paris","12":"tag-enfants","13":"tag-enqute","14":"tag-eu","15":"tag-europe","16":"tag-fr","17":"tag-france","18":"tag-gouvernement","19":"tag-homicide","20":"tag-news","21":"tag-news-paris","22":"tag-paris","23":"tag-paris-news","24":"tag-police","25":"tag-politique","26":"tag-republique-francaise"},"share_on_mastodon":{"url":"https:\/\/pubeurope.com\/@fr\/114669610828784893","error":""},"_links":{"self":[{"href":"https:\/\/www.europesays.com\/fr\/wp-json\/wp\/v2\/posts\/170415","targetHints":{"allow":["GET"]}}],"collection":[{"href":"https:\/\/www.europesays.com\/fr\/wp-json\/wp\/v2\/posts"}],"about":[{"href":"https:\/\/www.europesays.com\/fr\/wp-json\/wp\/v2\/types\/post"}],"author":[{"embeddable":true,"href":"https:\/\/www.europesays.com\/fr\/wp-json\/wp\/v2\/users\/2"}],"replies":[{"embeddable":true,"href":"https:\/\/www.europesays.com\/fr\/wp-json\/wp\/v2\/comments?post=170415"}],"version-history":[{"count":0,"href":"https:\/\/www.europesays.com\/fr\/wp-json\/wp\/v2\/posts\/170415\/revisions"}],"wp:featuredmedia":[{"embeddable":true,"href":"https:\/\/www.europesays.com\/fr\/wp-json\/wp\/v2\/media\/170416"}],"wp:attachment":[{"href":"https:\/\/www.europesays.com\/fr\/wp-json\/wp\/v2\/media?parent=170415"}],"wp:term":[{"taxonomy":"category","embeddable":true,"href":"https:\/\/www.europesays.com\/fr\/wp-json\/wp\/v2\/categories?post=170415"},{"taxonomy":"post_tag","embeddable":true,"href":"https:\/\/www.europesays.com\/fr\/wp-json\/wp\/v2\/tags?post=170415"}],"curies":[{"name":"wp","href":"https:\/\/api.w.org\/{rel}","templated":true}]}}