{"id":170425,"date":"2025-06-12T09:13:14","date_gmt":"2025-06-12T09:13:14","guid":{"rendered":"https:\/\/www.europesays.com\/fr\/170425\/"},"modified":"2025-06-12T09:13:14","modified_gmt":"2025-06-12T09:13:14","slug":"les-prisonniers-russes-renvoyes-au-front-des-leur-liberation","status":"publish","type":"post","link":"https:\/\/www.europesays.com\/fr\/170425\/","title":{"rendered":"Les prisonniers russes renvoy\u00e9s au front d\u00e8s leur lib\u00e9ration"},"content":{"rendered":"<p><strong>pas de r\u00e9pit &#8211; Malgr\u00e9 les conventions internationales, les protestations des ONG et celles des familles, la plupart des prisonniers de guerre russes lib\u00e9r\u00e9s sont renvoy\u00e9s au combat par les autorit\u00e9s<\/strong><\/p>\n<p>Le minist\u00e8re de la d\u00e9fense russe n\u2019est pas avare de photos montrant le \u00ab\u00a0retour \u00e0 la maison\u00a0\u00bb de <a href=\"https:\/\/www.20minutes.fr\/monde\/ukraine\/4157639-20250609-guerre-ukraine-debut-nouvel-echange-prisonniers-guerre-entre-kiev-moscou?at_medium=RSS%20feed&amp;at_campaign=ynews&amp;utm_source=yahoo&amp;utm_medium=rss&amp;utm_campaign=news_feed&amp;utm_content=in_article_link\" rel=\"nofollow noopener\" target=\"_blank\" data-ylk=\"slk:prisonniers de guerre \u00e9chang\u00e9s avec l\u2019Ukraine;elm:context_link;itc:0;sec:content-canvas\" class=\"link \">prisonniers de guerre \u00e9chang\u00e9s avec l\u2019Ukraine<\/a>. On ne trouve en revanche pas d\u2019image montrant ces m\u00eames prisonniers refaire leur paquetage pour s\u2019en retourner vers un front qu\u2019ils viennent \u00e0 peine de quitter. Pourtant, selon le journal d\u2019opposition russe en exil <a href=\"https:\/\/novayagazeta.eu\/articles\/2025\/06\/03\/posle-plena-na-peredovuiu?at_medium=RSS%20feed&amp;at_campaign=ynews&amp;utm_source=yahoo&amp;utm_medium=rss&amp;utm_campaign=news_feed&amp;utm_content=in_article_link\" rel=\"nofollow noopener\" target=\"_blank\" data-ylk=\"slk:Nova\u00efa Gazeta Europe;elm:context_link;itc:0;sec:content-canvas\" class=\"link \">Nova\u00efa Gazeta Europe<\/a>, c\u2019est souvent le triste sort qui est r\u00e9serv\u00e9 aux soldats qui ont v\u00e9cu la captivit\u00e9 en <a href=\"https:\/\/www.20minutes.fr\/monde\/ukraine\/?at_medium=RSS%20feed&amp;at_campaign=ynews&amp;utm_source=yahoo&amp;utm_medium=rss&amp;utm_campaign=news_feed&amp;utm_content=in_article_link\" rel=\"nofollow noopener\" target=\"_blank\" data-ylk=\"slk:Ukraine;elm:context_link;itc:0;sec:content-canvas\" class=\"link \">Ukraine<\/a>.<\/p>\n<p>Lundi, un nouvel \u00e9change de prisonniers a commenc\u00e9 entre la Russie et l\u2019Ukraine. Si les chiffres sont tenus secrets par les deux parties, on sait n\u00e9anmoins qu\u2019un \u00ab\u00a0premier groupe de militaires russes \u00e2g\u00e9s de moins de 25 ans a \u00e9t\u00e9 rapatri\u00e9\u00a0\u00bb a confirm\u00e9, lundi, le minist\u00e8re de la D\u00e9fense russe. Passage oblig\u00e9 pour eux, \u00ab\u00a0un interrogatoire du FSB\u00a0\u00bb, affirme l\u2019<a href=\"https:\/\/iditelesom.org\/fr?at_medium=RSS%20feed&amp;at_campaign=ynews&amp;utm_source=yahoo&amp;utm_medium=rss&amp;utm_campaign=news_feed&amp;utm_content=in_article_link\" rel=\"nofollow noopener\" target=\"_blank\" data-ylk=\"slk:ONG Idite Lesom;elm:context_link;itc:0;sec:content-canvas\" class=\"link \">ONG Idite Lesom<\/a> cit\u00e9e par Nova\u00efa Gazeta. Puis, selon cette m\u00eame source, ils seront \u00ab\u00a0renvoy\u00e9s dans leurs anciennes unit\u00e9s\u00a0\u00bb, lesquelles sont \u00ab\u00a0parfois en zone de guerre\u00a0\u00bb.<\/p>\n<p>M\u00eame les bless\u00e9s sont renvoy\u00e9s au front<\/p>\n<p>Bless\u00e9s ou pas, le traitement est manifestement le m\u00eame pour tous si l\u2019on en croit les t\u00e9moignages de familles de prisonniers russes cit\u00e9s par nos confr\u00e8res. Une femme d\u00e9plore que, malgr\u00e9 \u00ab\u00a0les commotions c\u00e9r\u00e9brales\u00a0\u00bb, les \u00ab\u00a0fractures\u00a0\u00bb, les \u00ab\u00a0\u00e9clats\u00a0\u00bb d\u2019obus, ils sont envoy\u00e9s \u00ab\u00a0en premi\u00e8re ligne\u00a0\u00bb. Certains affirment qu\u2019ils n\u2019ont m\u00eame pas pu voir leurs proches revenus de captivit\u00e9 avant qu\u2019ils ne soient renvoy\u00e9s au front.<\/p>\n<p>Certes, les soldats affa(&#8230;)<\/p>\n<p><a href=\"https:\/\/www.20minutes.fr\/monde\/4158084-20250612-guerre-ukraine-prisonniers-russes-renvoyes-front-liberation?at_medium=RSS%20feed&amp;at_campaign=ynews&amp;utm_source=yahoo&amp;utm_medium=rss&amp;utm_campaign=news_feed&amp;utm_content=read_more_link&quot;\" rel=\"nofollow noopener\" target=\"_blank\" data-ylk=\"slk:Lire la suite sur 20minutes;elm:context_link;itc:0;sec:content-canvas\" class=\"link \">Lire la suite sur 20minutes<\/a><\/p>\n<p>\u00c0 lire aussi :<br \/><a href=\"https:\/\/www.20minutes.fr\/monde\/ukraine\/4157647-20250609-guerre-ukraine-nouvel-echange-prisonniers-attaque-massive-drones-explosifs-russes?at_medium=RSS%20feed&amp;at_campaign=ynews&amp;utm_source=yahoo&amp;utm_medium=rss&amp;utm_campaign=news_feed&amp;utm_content=related_content_link\" rel=\"nofollow noopener\" target=\"_blank\" data-ylk=\"slk:Guerre en Ukraine\u00a0: Nouvel \u00e9change de prisonniers et attaque massive de drones explosifs russes;elm:context_link;itc:0;sec:content-canvas\" class=\"link \">Guerre en Ukraine\u00a0: Nouvel \u00e9change de prisonniers et attaque massive de drones explosifs russes<\/a><br \/><a href=\"https:\/\/www.20minutes.fr\/monde\/ukraine\/4155301-20250525-guerre-ukraine-1-000-prisonniers-chaque-camp-echanges-nouvelles-attaques-meurtrieres-russes?at_medium=RSS%20feed&amp;at_campaign=ynews&amp;utm_source=yahoo&amp;utm_medium=rss&amp;utm_campaign=news_feed&amp;utm_content=related_content_link\" rel=\"nofollow noopener\" target=\"_blank\" data-ylk=\"slk:Guerre en Ukraine\u00a0: 1.000 prisonniers de chaque camp \u00e9chang\u00e9s et de nouvelles attaques meurtri\u00e8res russes;elm:context_link;itc:0;sec:content-canvas\" class=\"link \">Guerre en Ukraine\u00a0: 1.000 prisonniers de chaque camp \u00e9chang\u00e9s et de nouvelles attaques meurtri\u00e8res russes<\/a><\/p>\n","protected":false},"excerpt":{"rendered":"pas de r\u00e9pit &#8211; Malgr\u00e9 les conventions internationales, les protestations des ONG et celles des familles, la plupart&hellip;\n","protected":false},"author":2,"featured_media":170426,"comment_status":"","ping_status":"","sticky":false,"template":"","format":"standard","meta":{"footnotes":""},"categories":[1590],"tags":[11,30494,20825,1777,674,1876,12,11356,15307,220],"class_list":{"0":"post-170425","1":"post","2":"type-post","3":"status-publish","4":"format-standard","5":"has-post-thumbnail","7":"category-ukraine","8":"tag-actualites","9":"tag-conventions-internationales","10":"tag-echange-de-prisonniers","11":"tag-eu","12":"tag-europe","13":"tag-ministere-de-la-defense","14":"tag-news","15":"tag-ong","16":"tag-prisonniers-de-guerre","17":"tag-ukraine"},"share_on_mastodon":{"url":"https:\/\/pubeurope.com\/@fr\/114669630435383857","error":""},"_links":{"self":[{"href":"https:\/\/www.europesays.com\/fr\/wp-json\/wp\/v2\/posts\/170425","targetHints":{"allow":["GET"]}}],"collection":[{"href":"https:\/\/www.europesays.com\/fr\/wp-json\/wp\/v2\/posts"}],"about":[{"href":"https:\/\/www.europesays.com\/fr\/wp-json\/wp\/v2\/types\/post"}],"author":[{"embeddable":true,"href":"https:\/\/www.europesays.com\/fr\/wp-json\/wp\/v2\/users\/2"}],"replies":[{"embeddable":true,"href":"https:\/\/www.europesays.com\/fr\/wp-json\/wp\/v2\/comments?post=170425"}],"version-history":[{"count":0,"href":"https:\/\/www.europesays.com\/fr\/wp-json\/wp\/v2\/posts\/170425\/revisions"}],"wp:featuredmedia":[{"embeddable":true,"href":"https:\/\/www.europesays.com\/fr\/wp-json\/wp\/v2\/media\/170426"}],"wp:attachment":[{"href":"https:\/\/www.europesays.com\/fr\/wp-json\/wp\/v2\/media?parent=170425"}],"wp:term":[{"taxonomy":"category","embeddable":true,"href":"https:\/\/www.europesays.com\/fr\/wp-json\/wp\/v2\/categories?post=170425"},{"taxonomy":"post_tag","embeddable":true,"href":"https:\/\/www.europesays.com\/fr\/wp-json\/wp\/v2\/tags?post=170425"}],"curies":[{"name":"wp","href":"https:\/\/api.w.org\/{rel}","templated":true}]}}