{"id":170428,"date":"2025-06-12T09:15:10","date_gmt":"2025-06-12T09:15:10","guid":{"rendered":"https:\/\/www.europesays.com\/fr\/170428\/"},"modified":"2025-06-12T09:15:10","modified_gmt":"2025-06-12T09:15:10","slug":"des-emeutes-anti-migrants-embrasent-lirlande-du-nord","status":"publish","type":"post","link":"https:\/\/www.europesays.com\/fr\/170428\/","title":{"rendered":"Des \u00e9meutes anti-migrants embrasent l\u2019Irlande du Nord"},"content":{"rendered":"<p>Apr\u00e8s une agression sexuelle sur une jeune fille par deux adolescents, la communaut\u00e9 roumaine a \u00e9t\u00e9 prise pour cible et les \u00e9meutiers ont affront\u00e9 durement la police pour la troisi\u00e8me nuit depuis lundi.<\/p>\n<p class=\"fig-paragraph\">Correspondant \u00e0 Londres<\/p>\n<p class=\"fig-paragraph\">Pour la troisi\u00e8me nuit cons\u00e9cutive, une partie de l\u2019Irlande du Nord s\u2019est embras\u00e9e. Des violences anti-migrants ont encore \u00e9clat\u00e9 dans le comt\u00e9 d\u2019Atrim, apr\u00e8s une agression sexuelle dont les suspects sont issus d\u2019une communaut\u00e9 \u00e9trang\u00e8re. \u00c9chaud\u00e9 par l<a href=\"http:\/\/www.lefigaro.fr\/international\/cette-semaine-d-emeutes-antimigrants-qui-a-traumatise-le-royaume-uni-20240811\" data-fig-type=\"Article\" data-gtm-custom-categorie=\"navigation\" data-gtm-custom-action=\"crossclick\" data-gtm-custom-label=\"Contextuel\" data-gtm-event=\"customEventSPE\" data-fig-domain=\"LEFIGARO\" rel=\"nofollow noopener\" target=\"_blank\">es \u00e9meutes de l\u2019\u00e9t\u00e9 dernier<\/a>, Londres prend la situation au s\u00e9rieux et a d\u00e9p\u00each\u00e9 des renforts de police depuis d\u2019autres r\u00e9gions du Royaume-Uni.<\/p>\n<p class=\"fig-paragraph\">Depuis lundi, les troubles se sont multipli\u00e9s dans la province nord-irlandaise. Mercredi soir, des jeunes ont incendi\u00e9 un centre de loisirs \u00e0 Larne. Les assaillants ont bris\u00e9 des vitres et pouss\u00e9 des poubelles enflamm\u00e9es \u00e0 l\u2019int\u00e9rieur. Le b\u00e2timent servait d\u2019h\u00e9bergement d\u2019urgence pour les personnes d\u00e9plac\u00e9es par deux nuits de troubles \u00e0 Ballymena, \u00e0 une trentaine de kilom\u00e8tres de l\u00e0. Dans cette derni\u00e8re ville, situ\u00e9e \u00e0 une cinquantaine de kilom\u00e8tres au nord de Belfast, des canons \u00e0 eau ont \u00e9t\u00e9 d\u00e9ploy\u00e9s pour repousser ces centaines d\u2019\u00e9meutiers masqu\u00e9s. Des troubles ont \u00e9galement\u2026<\/p>\n<p class=\"fig-premium-paywall__infos\">\n        Cet article est r\u00e9serv\u00e9 aux abonn\u00e9s.        Il vous reste 76% \u00e0 d\u00e9couvrir.\n    <\/p>\n<p>                <img  data- alt=\"Le Figaro\" class=\"fig-img--complete fig-img\"\/><\/p>\n<p class=\"fig-premium-paywall__title\">Vente Flash<\/p>\n<p class=\"fig-premium-paywall__subtitle\">3,99\u20ac par mois pendant 12 mois. Sans engagement.<\/p>\n<p class=\"fig-premium-paywall__connect\">\n                D\u00e9j\u00e0 abonn\u00e9\u00a0?                <a class=\"fig-premium-paywall__connect-link\" href=\"https:\/\/connect.lefigaro.fr\/login?client=horizon_web&amp;type=main&amp;redirect_uri=https%3A%2F%2Fwww.lefigaro.fr%2Finternational%2Fdes-emeutes-anti-migrants-embrasent-l-irlande-du-nord-20250612\" data-js-gtm=\"{&quot;customCategorie&quot;: &quot;conversion&quot;, &quot;customAction&quot;: &quot;before_Landing_Connexion_paywall_auto&quot;, &quot;customLabel&quot;: &quot;bGVmaWdhcm8uZnJfXzFmMDQ3NjRiLTEzYTEtNjIxNC1iMjFkLTE5OTAyZWJjMmI5OF9fQXJ0aWNsZQ==_Des \u00e9meutes anti-migrants embrasent l\u2019Irlande du Nord_583&quot;, &quot;customIDSPE&quot;: &quot;bGVmaWdhcm8uZnJfXzFmMDQ3NjRiLTEzYTEtNjIxNC1iMjFkLTE5OTAyZWJjMmI5OF9fQXJ0aWNsZQ==&quot;, &quot;event&quot;: &quot;customEventSPE&quot;}\" rel=\"nofollow noopener\" target=\"_blank\"><br \/>\n                    Connectez-vous<br \/>\n                <\/a>\n            <\/p>\n","protected":false},"excerpt":{"rendered":"Apr\u00e8s une agression sexuelle sur une jeune fille par deux adolescents, la communaut\u00e9 roumaine a \u00e9t\u00e9 prise pour&hellip;\n","protected":false},"author":2,"featured_media":170429,"comment_status":"","ping_status":"","sticky":false,"template":"","format":"standard","meta":{"footnotes":""},"categories":[1588],"tags":[259,11,260,1777,674,1061,14,16776,261,12,262,473,1853,1851,1850,1852],"class_list":{"0":"post-170428","1":"post","2":"type-post","3":"status-publish","4":"format-standard","5":"has-post-thumbnail","7":"category-royaume-uni","8":"tag-actualite-internationale","9":"tag-actualites","10":"tag-affaires-etrangeres","11":"tag-eu","12":"tag-europe","13":"tag-immigration","14":"tag-international","15":"tag-irlande-du-nord","16":"tag-ministere-des-affaires-etrangeres","17":"tag-news","18":"tag-politique-etrangere","19":"tag-royaume-uni","20":"tag-royaume-uni-de-grande-bretagne-et-dirlande-du-nord","21":"tag-uk","22":"tag-united-kingdom","23":"tag-united-kingdom-of-great-britain-and-northern-ireland"},"share_on_mastodon":{"url":"https:\/\/pubeurope.com\/@fr\/114669638373986461","error":""},"_links":{"self":[{"href":"https:\/\/www.europesays.com\/fr\/wp-json\/wp\/v2\/posts\/170428","targetHints":{"allow":["GET"]}}],"collection":[{"href":"https:\/\/www.europesays.com\/fr\/wp-json\/wp\/v2\/posts"}],"about":[{"href":"https:\/\/www.europesays.com\/fr\/wp-json\/wp\/v2\/types\/post"}],"author":[{"embeddable":true,"href":"https:\/\/www.europesays.com\/fr\/wp-json\/wp\/v2\/users\/2"}],"replies":[{"embeddable":true,"href":"https:\/\/www.europesays.com\/fr\/wp-json\/wp\/v2\/comments?post=170428"}],"version-history":[{"count":0,"href":"https:\/\/www.europesays.com\/fr\/wp-json\/wp\/v2\/posts\/170428\/revisions"}],"wp:featuredmedia":[{"embeddable":true,"href":"https:\/\/www.europesays.com\/fr\/wp-json\/wp\/v2\/media\/170429"}],"wp:attachment":[{"href":"https:\/\/www.europesays.com\/fr\/wp-json\/wp\/v2\/media?parent=170428"}],"wp:term":[{"taxonomy":"category","embeddable":true,"href":"https:\/\/www.europesays.com\/fr\/wp-json\/wp\/v2\/categories?post=170428"},{"taxonomy":"post_tag","embeddable":true,"href":"https:\/\/www.europesays.com\/fr\/wp-json\/wp\/v2\/tags?post=170428"}],"curies":[{"name":"wp","href":"https:\/\/api.w.org\/{rel}","templated":true}]}}