{"id":170430,"date":"2025-06-12T09:16:13","date_gmt":"2025-06-12T09:16:13","guid":{"rendered":"https:\/\/www.europesays.com\/fr\/170430\/"},"modified":"2025-06-12T09:16:13","modified_gmt":"2025-06-12T09:16:13","slug":"la-pologne-envisage-des-controles-a-sa-frontiere-egalement-avec-lallemagne","status":"publish","type":"post","link":"https:\/\/www.europesays.com\/fr\/170430\/","title":{"rendered":"La Pologne envisage des contr\u00f4les \u00e0 sa fronti\u00e8re \u00e9galement avec l&rsquo;Allemagne"},"content":{"rendered":"<p>\n  Par&amp;nbsp<b>Euronews<\/b><\/p>\n<p>\n         Publi\u00e9 le<br \/>\n            12\/06\/2025 &#8211; 11:08 UTC+2<\/p>\n<p><img decoding=\"async\" class=\"c-ad__placeholder__logo\" src=\"https:\/\/static.euronews.com\/website\/images\/logos\/logo-euronews-grey-6-180x22.svg\" width=\"180\" height=\"22\" alt=\"\" loading=\"lazy\"\/>PUBLICIT\u00c9<\/p>\n<p>Le Premier ministre polonais, <strong>Donald Tusk<\/strong>, a annonc\u00e9 mercredi qu&rsquo;il envisageait lui aussi des contr\u00f4les aux fronti\u00e8res avec les pays voisins de la Pologne. <\/p>\n<p>S&rsquo;exprimant dans le cadre d&rsquo;une r\u00e9union gouvernementale au parlement polonais, il a fait savoir qu&rsquo;il envisageait de le faire non seulement avec l&rsquo;Allemagne, mais aussi avec les autres pays voisins de la Pologne, et ce de mani\u00e8re temporaire. <\/p>\n<p>\u00ab\u00a0Une telle mesure sera \u00e9galement prise du c\u00f4t\u00e9 polonais si la situation \u00e0 la fronti\u00e8re s&rsquo;aggrave et que la pression augmente\u00a0\u00bb, a d\u00e9clar\u00e9 Donald Tusk. Il a toutefois averti que les contr\u00f4les aux fronti\u00e8res affecteraient le trafic et les navetteurs des deux c\u00f4t\u00e9s.<\/p>\n<p>La semaine derni\u00e8re, le ministre polonais des Affaires \u00e9trang\u00e8res, <strong>Rados\u0142aw Sikorski<\/strong>, \u00e9tait \u00e0 Berlin et a affirm\u00e9 lors d&rsquo;une conf\u00e9rence de presse commune avec son homologue allemand, <strong>Johann Wadephul<\/strong>, qu&rsquo;il ne consid\u00e9rait pas les contr\u00f4les aux fronti\u00e8res int\u00e9rieures entre l&rsquo;Allemagne et la Pologne comme n\u00e9cessaires.<\/p>\n<p>Il a ajout\u00e9 qu&rsquo;il esp\u00e9rait que le gouvernement polonais puisse \u00ab\u00a0convaincre les hommes politiques de toute l&rsquo;Europe qu&rsquo;il n&rsquo;y a plus de danger de ce c\u00f4t\u00e9-l\u00e0 au moins\u00a0\u00bb.<\/p>\n<p>Le gouvernement f\u00e9d\u00e9ral noir-rouge maintient cependant son cap : pour lutter contre l&rsquo;immigration irr\u00e9guli\u00e8re, les contr\u00f4les aux fronti\u00e8res allemandes ont donc \u00e9t\u00e9 renforc\u00e9s, y compris avec des refoulements de demandeurs d&rsquo;asile par la police f\u00e9d\u00e9rale.<\/p>\n<p>Apr\u00e8s l&rsquo;annonce de possibles contr\u00f4les aux fronti\u00e8res, le syndicat de la police a lui aussi attir\u00e9 l&rsquo;attention sur les restrictions possibles pour les d\u00e9placements professionnels et le commerce de marchandises entre la Pologne et l&rsquo;Allemagne.<\/p>\n<p>Dans le m\u00eame temps, le chef de la GdP, Andreas Ro\u00dfkopf, a soulign\u00e9 aupr\u00e8s du r\u00e9seau de r\u00e9daction allemand (RND) que les mesures pourraient \u00e9galement contribuer \u00e0 \u00ab\u00a0stopper les migrants en route vers l&rsquo;Allemagne\u00a0\u00bb.<\/p>\n<p>\u00ab\u00a0De sorte qu&rsquo;il y ait peut-\u00eatre m\u00eame moins de personnes qui se pr\u00e9sentent \u00e0 nos contr\u00f4les et qui n&rsquo;ont pas le droit d&rsquo;entrer en Allemagne\u00a0\u00bb, a-t-il ajout\u00e9.<\/p>\n<p>Ro\u00dfkopf a toutefois mis en garde contre d&rsquo;\u00e9ventuels effets secondaires si la Pologne ne contr\u00f4lait effectivement que les personnes arrivant sur son territoire : \u00ab\u00a0Mais si les coll\u00e8gues polonais ne contr\u00f4laient effectivement que leur entr\u00e9e, cela pourrait conduire \u00e0 un jeu de ping-pong\u00a0\u00bb, dans lequel les personnes refoul\u00e9es seraient envoy\u00e9es d&rsquo;un pays \u00e0 l&rsquo;autre.\u00a0\u00bb<\/p>\n","protected":false},"excerpt":{"rendered":"Par&amp;nbspEuronews Publi\u00e9 le 12\/06\/2025 &#8211; 11:08 UTC+2 PUBLICIT\u00c9 Le Premier ministre polonais, Donald Tusk, a annonc\u00e9 mercredi qu&rsquo;il&hellip;\n","protected":false},"author":2,"featured_media":170431,"comment_status":"","ping_status":"","sticky":false,"template":"","format":"standard","meta":{"footnotes":""},"categories":[1587],"tags":[11,672,1804,30495,1805,1803,1777,674,1801,12,2437,1802],"class_list":{"0":"post-170430","1":"post","2":"type-post","3":"status-publish","4":"format-standard","5":"has-post-thumbnail","7":"category-allemagne","8":"tag-actualites","9":"tag-allemagne","10":"tag-bundesrepublik-deutschland","11":"tag-controle-des-frontieres","12":"tag-de","13":"tag-deutschland","14":"tag-eu","15":"tag-europe","16":"tag-germany","17":"tag-news","18":"tag-pologne","19":"tag-republique-federale-dallemagne"},"share_on_mastodon":{"url":"https:\/\/pubeurope.com\/@fr\/114669642387277895","error":""},"_links":{"self":[{"href":"https:\/\/www.europesays.com\/fr\/wp-json\/wp\/v2\/posts\/170430","targetHints":{"allow":["GET"]}}],"collection":[{"href":"https:\/\/www.europesays.com\/fr\/wp-json\/wp\/v2\/posts"}],"about":[{"href":"https:\/\/www.europesays.com\/fr\/wp-json\/wp\/v2\/types\/post"}],"author":[{"embeddable":true,"href":"https:\/\/www.europesays.com\/fr\/wp-json\/wp\/v2\/users\/2"}],"replies":[{"embeddable":true,"href":"https:\/\/www.europesays.com\/fr\/wp-json\/wp\/v2\/comments?post=170430"}],"version-history":[{"count":0,"href":"https:\/\/www.europesays.com\/fr\/wp-json\/wp\/v2\/posts\/170430\/revisions"}],"wp:featuredmedia":[{"embeddable":true,"href":"https:\/\/www.europesays.com\/fr\/wp-json\/wp\/v2\/media\/170431"}],"wp:attachment":[{"href":"https:\/\/www.europesays.com\/fr\/wp-json\/wp\/v2\/media?parent=170430"}],"wp:term":[{"taxonomy":"category","embeddable":true,"href":"https:\/\/www.europesays.com\/fr\/wp-json\/wp\/v2\/categories?post=170430"},{"taxonomy":"post_tag","embeddable":true,"href":"https:\/\/www.europesays.com\/fr\/wp-json\/wp\/v2\/tags?post=170430"}],"curies":[{"name":"wp","href":"https:\/\/api.w.org\/{rel}","templated":true}]}}