{"id":170436,"date":"2025-06-12T09:19:09","date_gmt":"2025-06-12T09:19:09","guid":{"rendered":"https:\/\/www.europesays.com\/fr\/170436\/"},"modified":"2025-06-12T09:19:09","modified_gmt":"2025-06-12T09:19:09","slug":"a-rouen-jean-luc-melenchon-appelle-a-la-mobilisation-pour-gaza-liberation","status":"publish","type":"post","link":"https:\/\/www.europesays.com\/fr\/170436\/","title":{"rendered":"\u00e0 Rouen, Jean-Luc M\u00e9lenchon appelle \u00e0 la mobilisation pour Gaza \u2013 Lib\u00e9ration"},"content":{"rendered":"<p class=\"sc-ksZaOG ehjQrN text-element\">M\u00eame leurs adversaires le reconnaissent volontiers, les insoumis ont peu d\u2019\u00e9quivalents en ce qui concerne l\u2019organisation d\u2019\u00e9v\u00e9nements. Chaque meeting du mouvement m\u00e9lenchoniste est l\u00e9ch\u00e9. Les plus grands, en temps de campagne pr\u00e9sidentielle, <a href=\"https:\/\/www.liberation.fr\/idees-et-debats\/meeting-olfactif-de-jean-luc-melenchon-les-odeurs-peuvent-vous-mettre-hors-de-vous-meme-20220113_ZCX54TZN4ZF5PNMENV5RBYU5AU\/\" target=\"_blank\" rel=\"noopener\" title=\"https:\/\/www.liberation.fr\/idees-et-debats\/meeting-olfactif-de-jean-luc-melenchon-les-odeurs-peuvent-vous-mettre-hors-de-vous-meme-20220113_ZCX54TZN4ZF5PNMENV5RBYU5AU\/\">sont parfois olfactifs<\/a> ou <a href=\"https:\/\/www.liberation.fr\/politique\/elections\/presidentielle-2022-les-tres-couteux-hologrammes-de-jean-luc-melenchon-20230316_FQRSJY5QKREENCONBYMBF527PY\/\" target=\"_blank\" rel=\"noopener\" title=\"https:\/\/www.liberation.fr\/politique\/elections\/presidentielle-2022-les-tres-couteux-hologrammes-de-jean-luc-melenchon-20230316_FQRSJY5QKREENCONBYMBF527PY\/\">mettent en sc\u00e8ne des hologrammes<\/a>. Tout, en g\u00e9n\u00e9ral, est pens\u00e9 jusqu\u2019au moindre d\u00e9tail. Mais peut-\u00eatre pas ce mercredi 11 juin. Les organisateurs de la r\u00e9union publique \u00abpour la VIe R\u00e9publique et pour la paix\u00bb de Jean-Luc M\u00e9lenchon \u00e0 Rouen avaient-ils bien en t\u00eate, au moment de valider le lieu, que la grande salle de la Halle aux Toiles contient un imposant orgue du XXe si\u00e8cle ? Et donc qu\u2019en prenant la parole devant le gigantesque instrument, le tribun \u2013 qui s\u2019est longtemps d\u00e9crit comme <\/p>\n","protected":false},"excerpt":{"rendered":"M\u00eame leurs adversaires le reconnaissent volontiers, les insoumis ont peu d\u2019\u00e9quivalents en ce qui concerne l\u2019organisation d\u2019\u00e9v\u00e9nements. Chaque&hellip;\n","protected":false},"author":2,"featured_media":170437,"comment_status":"","ping_status":"","sticky":false,"template":"","format":"standard","meta":{"footnotes":""},"categories":[2],"tags":[11,1011,27,3517,3081,780,12,25,15442],"class_list":{"0":"post-170436","1":"post","2":"type-post","3":"status-publish","4":"format-standard","5":"has-post-thumbnail","7":"category-actualites","8":"tag-actualites","9":"tag-fr","10":"tag-france","11":"tag-gaza-l-escalade","12":"tag-jean-luc-melenchon","13":"tag-lfi","14":"tag-news","15":"tag-republique-francaise","16":"tag-rima-hassan"},"share_on_mastodon":{"url":"https:\/\/pubeurope.com\/@fr\/114669654043758088","error":""},"_links":{"self":[{"href":"https:\/\/www.europesays.com\/fr\/wp-json\/wp\/v2\/posts\/170436","targetHints":{"allow":["GET"]}}],"collection":[{"href":"https:\/\/www.europesays.com\/fr\/wp-json\/wp\/v2\/posts"}],"about":[{"href":"https:\/\/www.europesays.com\/fr\/wp-json\/wp\/v2\/types\/post"}],"author":[{"embeddable":true,"href":"https:\/\/www.europesays.com\/fr\/wp-json\/wp\/v2\/users\/2"}],"replies":[{"embeddable":true,"href":"https:\/\/www.europesays.com\/fr\/wp-json\/wp\/v2\/comments?post=170436"}],"version-history":[{"count":0,"href":"https:\/\/www.europesays.com\/fr\/wp-json\/wp\/v2\/posts\/170436\/revisions"}],"wp:featuredmedia":[{"embeddable":true,"href":"https:\/\/www.europesays.com\/fr\/wp-json\/wp\/v2\/media\/170437"}],"wp:attachment":[{"href":"https:\/\/www.europesays.com\/fr\/wp-json\/wp\/v2\/media?parent=170436"}],"wp:term":[{"taxonomy":"category","embeddable":true,"href":"https:\/\/www.europesays.com\/fr\/wp-json\/wp\/v2\/categories?post=170436"},{"taxonomy":"post_tag","embeddable":true,"href":"https:\/\/www.europesays.com\/fr\/wp-json\/wp\/v2\/tags?post=170436"}],"curies":[{"name":"wp","href":"https:\/\/api.w.org\/{rel}","templated":true}]}}