{"id":170440,"date":"2025-06-12T09:21:13","date_gmt":"2025-06-12T09:21:13","guid":{"rendered":"https:\/\/www.europesays.com\/fr\/170440\/"},"modified":"2025-06-12T09:21:13","modified_gmt":"2025-06-12T09:21:13","slug":"quelles-retombees-touristiques-pour-la-savoie","status":"publish","type":"post","link":"https:\/\/www.europesays.com\/fr\/170440\/","title":{"rendered":"quelles retomb\u00e9es touristiques pour la Savoie"},"content":{"rendered":"<p>C\u2019est un \u00e9v\u00e9nement incontournable du calendrier cycliste. Le Crit\u00e9rium du Dauphin\u00e9, une course \u00e0 \u00e9tapes qui a lieu moins d\u2019un mois avant le Tour de France, s\u2019est \u00e9lanc\u00e9 dimanche 8 juin de Dom\u00e9rat, dans l\u2019Allier. Garni cette ann\u00e9e d\u2019un plateau de coureurs d\u2019exception, des milliers de spectateurs sont attendus sur le bord des routes. Bonne pioche donc pour les villes h\u00f4tes de cette 77e\u00a0 \u00e9dition. Dans la vall\u00e9e de la Maurienne, \u00ab\u00a0on a d\u00e9pos\u00e9 une candidature commune l\u2019an dernier des 3 Val (Val-d\u2019Arc, Val-Cenis, Valmeinier)\u00a0\u00bb, raconte Alexandre&#8230;<\/p>\n","protected":false},"excerpt":{"rendered":"C\u2019est un \u00e9v\u00e9nement incontournable du calendrier cycliste. Le Crit\u00e9rium du Dauphin\u00e9, une course \u00e0 \u00e9tapes qui a lieu&hellip;\n","protected":false},"author":2,"featured_media":170441,"comment_status":"","ping_status":"","sticky":false,"template":"","format":"standard","meta":{"footnotes":""},"categories":[4],"tags":[11,7002,7004,30118,5509,33,7001,7003,1011,27,12,25,17015,104,602],"class_list":{"0":"post-170440","1":"post","2":"type-post","3":"status-publish","4":"format-standard","5":"has-post-thumbnail","7":"category-france","8":"tag-actualites","9":"tag-aix-les-bains","10":"tag-albertville","11":"tag-bourg-saint-maurice","12":"tag-chambery","13":"tag-economie","14":"tag-edition-chambery-aix-les-bains","15":"tag-edition-tarentaise-maurienne","16":"tag-fr","17":"tag-france","18":"tag-news","19":"tag-republique-francaise","20":"tag-saint-jean-de-maurienne","21":"tag-societe","22":"tag-tourisme"},"share_on_mastodon":{"url":"https:\/\/pubeurope.com\/@fr\/114669661979478595","error":""},"_links":{"self":[{"href":"https:\/\/www.europesays.com\/fr\/wp-json\/wp\/v2\/posts\/170440","targetHints":{"allow":["GET"]}}],"collection":[{"href":"https:\/\/www.europesays.com\/fr\/wp-json\/wp\/v2\/posts"}],"about":[{"href":"https:\/\/www.europesays.com\/fr\/wp-json\/wp\/v2\/types\/post"}],"author":[{"embeddable":true,"href":"https:\/\/www.europesays.com\/fr\/wp-json\/wp\/v2\/users\/2"}],"replies":[{"embeddable":true,"href":"https:\/\/www.europesays.com\/fr\/wp-json\/wp\/v2\/comments?post=170440"}],"version-history":[{"count":0,"href":"https:\/\/www.europesays.com\/fr\/wp-json\/wp\/v2\/posts\/170440\/revisions"}],"wp:featuredmedia":[{"embeddable":true,"href":"https:\/\/www.europesays.com\/fr\/wp-json\/wp\/v2\/media\/170441"}],"wp:attachment":[{"href":"https:\/\/www.europesays.com\/fr\/wp-json\/wp\/v2\/media?parent=170440"}],"wp:term":[{"taxonomy":"category","embeddable":true,"href":"https:\/\/www.europesays.com\/fr\/wp-json\/wp\/v2\/categories?post=170440"},{"taxonomy":"post_tag","embeddable":true,"href":"https:\/\/www.europesays.com\/fr\/wp-json\/wp\/v2\/tags?post=170440"}],"curies":[{"name":"wp","href":"https:\/\/api.w.org\/{rel}","templated":true}]}}