{"id":170444,"date":"2025-06-12T09:23:13","date_gmt":"2025-06-12T09:23:13","guid":{"rendered":"https:\/\/www.europesays.com\/fr\/170444\/"},"modified":"2025-06-12T09:23:13","modified_gmt":"2025-06-12T09:23:13","slug":"frederic-ferrandez-lentraineur-du-gfca-sur-la-premiere-marche","status":"publish","type":"post","link":"https:\/\/www.europesays.com\/fr\/170444\/","title":{"rendered":"Fr\u00e9d\u00e9ric Ferrandez, l&rsquo;entra\u00eeneur du GFCA, sur la premi\u00e8re marche"},"content":{"rendered":"<p>Les internautes et lecteurs de Corse-Matin ont tranch\u00e9. Ils ont choisi Fr\u00e9d\u00e9ric Ferrandez comme sportif du mois de mai 2025. Avec 39\u00a0% des votants, l&rsquo;entra\u00eeneur du GFCA Volley a \u00e9t\u00e9 r\u00e9compens\u00e9 pour la magnifique saison au terme de laquelle le club ajaccien, champion de Ligue B, a retrouv\u00e9 l&rsquo;\u00e9lite. Parmi les 614 votes enregistr\u00e9s, il a devanc\u00e9 assez largement le motard Thomas Verdoni (27\u00a0%), arriv\u00e9 deuxi\u00e8me devant S\u00e9bastien Giambernardi (21\u00a0%), lequel se fait un nom parmi les trailers insulaires et le footballeur Matteo Tramoni (13\u00a0%), qui vient d&rsquo;acc\u00e9der \u00e0 la Serie A en Italie avec Pise.<\/p>\n<p>\u00ab\u00a0Une grande fiert\u00e9\u00a0\u00bb<\/p>\n<p>Si sa victoire n&rsquo;est donc pas une surprise tant le coach embl\u00e9matique ajaccien a port\u00e9 son \u00e9quipe jusqu&rsquo;au titre de champion de France, synonyme de remont\u00e9e en premi\u00e8re division, d\u00e9nomm\u00e9e aujourd&rsquo;hui Marmara Spike Ligue, Fr\u00e9d\u00e9ric Ferrandez a pourtant avou\u00e9 ne pas s&rsquo;y attendre.<\/p>\n<p>\u00ab\u00a0Cela a \u00e9t\u00e9 un travail collectif et l&rsquo;aboutissement d&rsquo;un projet de quatre ans, plus qu&rsquo;une prestation personnelle comme les autres nomm\u00e9s. C&rsquo;est une grande fiert\u00e9 et je remercie tous les gens qui ont vot\u00e9. Cela prouve que le GFCA travaille bien et qu&rsquo;on continue de donner du plaisir et de faire vibrer les gens.\u00a0\u00bb<\/p>\n<p>Apr\u00e8s quatre ann\u00e9es de purgatoire, il a ainsi accompli la mission qu&rsquo;il s&rsquo;\u00e9tait jur\u00e9 de r\u00e9ussir, \u00e0 savoir remonter d&rsquo;un \u00e9tage et faire revenir Ajaccio parmi l&rsquo;\u00e9lite du volley fran\u00e7ais, \u00e0 l&rsquo;aube de sa vingti\u00e8me saison sur le banc du GFCA, dont treize comme entra\u00eeneur principal.<\/p>\n<p>C&rsquo;\u00e9tait d&rsquo;ailleurs l&rsquo;ann\u00e9e ou jamais et le coach gazier s&rsquo;\u00e9tait m\u00eame pr\u00e9par\u00e9 \u00e0 mettre un terme \u00e0 sa carri\u00e8re en cas d&rsquo;\u00e9chec. \u00ab J&rsquo;avais pris cette d\u00e9cision. Il fallait que j&rsquo;arrive \u00e0 remettre le club \u00e0 la place qui doit \u00eatre la sienne et c&rsquo;est un soulagement et une fiert\u00e9 d&rsquo;avoir r\u00e9ussi ce challenge\u00a0\u00bb, avait d\u00e9j\u00e0 avou\u00e9 le technicien dans nos colonnes, avant de confirmer hier le sc\u00e9nario de la saison.<\/p>\n<p>Un des coachs les plus exp\u00e9riment\u00e9s<\/p>\n<p>\u00ab\u00a0La pression \u00e9tait sur nos \u00e9paules toute la saison. Le pr\u00e9sident avait annonc\u00e9\u00a0: on est au bout du cycle, il faut monter\u00a0! On s&rsquo;est donn\u00e9 les moyens de monter, on savait qu&rsquo;on avait cet habit-l\u00e0, il fallait l&rsquo;endosser, le supporter. C&rsquo;est l&rsquo;aboutissement d&rsquo;un projet de quatre ans. On s&rsquo;est donn\u00e9 le temps mais cela aurait \u00e9t\u00e9 tr\u00e8s dur de vivre cette fin de cycle et ne pas y parvenir.\u00a0\u00bb<\/p>\n<p>Palmar\u00e8s sportif du mois Corse-Matin Janvier\u00a0: Ghjuvanni Rossi (auto) F\u00e9vrier\u00a0: Hugo Boigeol-Baggioni (MMA) Mars\u00a0: Laurent Pomponi (football) Avril\u00a0: Pauline Lacroix (natation) Mai\u00a0: Fr\u00e9d\u00e9ric Ferrandez (volley)<\/p>\n<p>Avec d\u00e9sormais 575 matches toutes comp\u00e9titions confondues (354 en Ligue A, 159 en Ligue B, 25 en Coupe d&rsquo;Europe et 37 dans les coupes nationales), celui qui avait \u00e9t\u00e9 d\u00e9j\u00e0 l&rsquo;architecte de la remont\u00e9e du Gaz en 2007 puis en 2009 avec un premier titre de champion, a donc rajout\u00e9 une nouvelle ligne \u00e0 son CV, ce qui en fera un des coaches les plus exp\u00e9riment\u00e9s de la Marmara Spike Ligue la saison prochaine.<\/p>\n<p>\u00ab\u00a0Ce sera encore moi (sur le banc). Mais j&rsquo;avoue que j&rsquo;aimerais passer manager, si le poste s&rsquo;ouvre, d&rsquo;ici deux ans. J&rsquo;ai la connaissance du club et il est temps de laisser la place \u00e0 un autre sur le banc\u00a0\u00bb, a-t-il d\u00e9j\u00e0 annonc\u00e9 alors qu&rsquo;il f\u00eatera ses cinquante ans au mois de septembre.<\/p>\n","protected":false},"excerpt":{"rendered":"Les internautes et lecteurs de Corse-Matin ont tranch\u00e9. Ils ont choisi Fr\u00e9d\u00e9ric Ferrandez comme sportif du mois de&hellip;\n","protected":false},"author":2,"featured_media":170445,"comment_status":"","ping_status":"","sticky":false,"template":"","format":"standard","meta":{"footnotes":""},"categories":[1417],"tags":[17,14144,1011,27,14143,6392,1765,2561,7499,60,3356,1470,1469],"class_list":{"0":"post-170444","1":"post","2":"type-post","3":"status-publish","4":"format-standard","5":"has-post-thumbnail","7":"category-volley","8":"tag-17","9":"tag-ferrandez","10":"tag-fr","11":"tag-france","12":"tag-frederic","13":"tag-gfca","14":"tag-lentraineur","15":"tag-mois","16":"tag-sportif","17":"tag-sports","18":"tag-sur","19":"tag-volley","20":"tag-volleyball"},"share_on_mastodon":{"url":"https:\/\/pubeurope.com\/@fr\/114669669786486989","error":""},"_links":{"self":[{"href":"https:\/\/www.europesays.com\/fr\/wp-json\/wp\/v2\/posts\/170444","targetHints":{"allow":["GET"]}}],"collection":[{"href":"https:\/\/www.europesays.com\/fr\/wp-json\/wp\/v2\/posts"}],"about":[{"href":"https:\/\/www.europesays.com\/fr\/wp-json\/wp\/v2\/types\/post"}],"author":[{"embeddable":true,"href":"https:\/\/www.europesays.com\/fr\/wp-json\/wp\/v2\/users\/2"}],"replies":[{"embeddable":true,"href":"https:\/\/www.europesays.com\/fr\/wp-json\/wp\/v2\/comments?post=170444"}],"version-history":[{"count":0,"href":"https:\/\/www.europesays.com\/fr\/wp-json\/wp\/v2\/posts\/170444\/revisions"}],"wp:featuredmedia":[{"embeddable":true,"href":"https:\/\/www.europesays.com\/fr\/wp-json\/wp\/v2\/media\/170445"}],"wp:attachment":[{"href":"https:\/\/www.europesays.com\/fr\/wp-json\/wp\/v2\/media?parent=170444"}],"wp:term":[{"taxonomy":"category","embeddable":true,"href":"https:\/\/www.europesays.com\/fr\/wp-json\/wp\/v2\/categories?post=170444"},{"taxonomy":"post_tag","embeddable":true,"href":"https:\/\/www.europesays.com\/fr\/wp-json\/wp\/v2\/tags?post=170444"}],"curies":[{"name":"wp","href":"https:\/\/api.w.org\/{rel}","templated":true}]}}