{"id":170450,"date":"2025-06-12T09:28:10","date_gmt":"2025-06-12T09:28:10","guid":{"rendered":"https:\/\/www.europesays.com\/fr\/170450\/"},"modified":"2025-06-12T09:28:10","modified_gmt":"2025-06-12T09:28:10","slug":"votre-iphone-va-litteralement-vibrer-pendant-le-nouveau-trailer-immersif-de-f1","status":"publish","type":"post","link":"https:\/\/www.europesays.com\/fr\/170450\/","title":{"rendered":"Votre iPhone va (litt\u00e9ralement) vibrer pendant le nouveau trailer immersif de F1"},"content":{"rendered":"<p>Vu que le nouveau blockbuster de Joseph Kosinski sort en salle gr\u00e2ce \u00e0 la Warner, on a tendance \u00e0 l\u2019oublier, mais le film F1 est une production Apple. Alors forc\u00e9ment, la bo\u00eete \u00e0 la pomme en profite. Ce mercredi 11 juin, la compagnie a d\u00e9voil\u00e9 une bande-annonce pr\u00e9sentant une nouveaut\u00e9 in\u00e9dite : un trailer haptique.\u00a0<\/p>\n<p>Se concentrant sur les sensations de conduite, Apple a d\u00e9voil\u00e9 une vid\u00e9o qui vibre en m\u00eame temps que les images qui se d\u00e9voilent devant nous, de mani\u00e8re adaptative et in\u00e9dite. Est-ce que c\u2019est gadget ? Oui. Est-ce que \u00e7a fonctionne ? Grave.<\/p>\n<p>F1 \u2013 Le Film sortira en salles le 25 juin.<\/p>\n","protected":false},"excerpt":{"rendered":"Vu que le nouveau blockbuster de Joseph Kosinski sort en salle gr\u00e2ce \u00e0 la Warner, on a tendance&hellip;\n","protected":false},"author":2,"featured_media":170451,"comment_status":"","ping_status":"","sticky":false,"template":"","format":"standard","meta":{"footnotes":""},"categories":[1412],"tags":[1451,1452,1453,1454,1455,1011,27,1970,60],"class_list":{"0":"post-170450","1":"post","2":"type-post","3":"status-publish","4":"format-standard","5":"has-post-thumbnail","7":"category-f1","8":"tag-f1","9":"tag-formula-1","10":"tag-formula1","11":"tag-formule-1","12":"tag-formule1","13":"tag-fr","14":"tag-france","15":"tag-pop-culture","16":"tag-sports"},"share_on_mastodon":{"url":"https:\/\/pubeurope.com\/@fr\/114669689469686584","error":""},"_links":{"self":[{"href":"https:\/\/www.europesays.com\/fr\/wp-json\/wp\/v2\/posts\/170450","targetHints":{"allow":["GET"]}}],"collection":[{"href":"https:\/\/www.europesays.com\/fr\/wp-json\/wp\/v2\/posts"}],"about":[{"href":"https:\/\/www.europesays.com\/fr\/wp-json\/wp\/v2\/types\/post"}],"author":[{"embeddable":true,"href":"https:\/\/www.europesays.com\/fr\/wp-json\/wp\/v2\/users\/2"}],"replies":[{"embeddable":true,"href":"https:\/\/www.europesays.com\/fr\/wp-json\/wp\/v2\/comments?post=170450"}],"version-history":[{"count":0,"href":"https:\/\/www.europesays.com\/fr\/wp-json\/wp\/v2\/posts\/170450\/revisions"}],"wp:featuredmedia":[{"embeddable":true,"href":"https:\/\/www.europesays.com\/fr\/wp-json\/wp\/v2\/media\/170451"}],"wp:attachment":[{"href":"https:\/\/www.europesays.com\/fr\/wp-json\/wp\/v2\/media?parent=170450"}],"wp:term":[{"taxonomy":"category","embeddable":true,"href":"https:\/\/www.europesays.com\/fr\/wp-json\/wp\/v2\/categories?post=170450"},{"taxonomy":"post_tag","embeddable":true,"href":"https:\/\/www.europesays.com\/fr\/wp-json\/wp\/v2\/tags?post=170450"}],"curies":[{"name":"wp","href":"https:\/\/api.w.org\/{rel}","templated":true}]}}