{"id":170456,"date":"2025-06-12T09:31:10","date_gmt":"2025-06-12T09:31:10","guid":{"rendered":"https:\/\/www.europesays.com\/fr\/170456\/"},"modified":"2025-06-12T09:31:10","modified_gmt":"2025-06-12T09:31:10","slug":"sans-thune-et-a-la-rue-sans-pudeur-sur-ses-galeres-la-mechancete-quil-peut-y-avoir","status":"publish","type":"post","link":"https:\/\/www.europesays.com\/fr\/170456\/","title":{"rendered":"sans thune et \u00e0 la rue\u00a0\u00bb, sans pudeur sur ses gal\u00e8res, \u00ab\u00a0la m\u00e9chancet\u00e9 qu\u2019il peut y avoir"},"content":{"rendered":"<p>Zaz, de son vrai nom Isabelle Geffroy, est <strong>une artiste<br \/>\nembl\u00e9matique<\/strong> de la sc\u00e8ne musicale fran\u00e7aise. Reconnue pour<br \/>\nsa voix unique et son \u00e9nergie communicative, elle s\u00a0\u00bbest rapidement<br \/>\nfait une place dans le c\u0153ur des Fran\u00e7ais. Pourtant, son ascension<br \/>\nvers la c\u00e9l\u00e9brit\u00e9 n\u2019a pas \u00e9t\u00e9 un long fleuve tranquille. Le d\u00e9clic<br \/>\nviendra en 2009, lorsqu\u2019un producteur la remarque et lui propose<br \/>\nd\u2019enregistrer un album.<\/p>\n<p>R\u00e9cemment invit\u00e9e dans l\u2019\u00e9mission C \u00e0 vous sur France 5, la<br \/>\nchanteuse de 45 ans s\u2019est livr\u00e9e sans filtre sur <strong>ses ann\u00e9es<br \/>\nde gal\u00e8re.<\/strong> Avant de conqu\u00e9rir le public avec son tube<br \/>\nJe veux et de vendre plusieurs millions d\u2019albums \u00e0 travers<br \/>\nle monde, Zaz a d\u00fb traverser des moments tr\u00e8s difficiles, qui ont<br \/>\nforg\u00e9 sa personnalit\u00e9 et sa d\u00e9termination.<\/p>\n<p>La chanteuse victime de violentes critiques<\/p>\n<p>Malgr\u00e9 les difficult\u00e9s, Zaz a toujours fait preuve d\u2019une \u00ab\u00a0rage<br \/>\nde vivre\u00a0\u00bb et d\u2019une \u00ab\u00a0force de r\u00e9surrection incroyable\u00a0\u00bb. Elle a d\u00fb<br \/>\naffronter non seulement la pr\u00e9carit\u00e9, mais aussi <a href=\"https:\/\/www.melty.fr\/people\/zaz-moquee-et-humiliee-la-chanteuse-fait-de-bouleversantes-confidences-on-ma-souvent-traitee-de-2179571.html\" target=\"_blank\" rel=\"noopener\"><br \/>\nla violence des critiques<\/a> lorsqu\u2019elle est devenue c\u00e9l\u00e8bre.<br \/>\n\u00ab\u00a0C\u2019\u00e9tait violent, la m\u00e9chancet\u00e9 qu\u2019il peut y avoir. Des gens<br \/>\nqui <strong>crachent leur venin<\/strong> derri\u00e8re les \u00e9crans, parce<br \/>\nqu\u2019ils ne le font pas devant\u00a0\u00bb, a-t-elle confi\u00e9 dans l&rsquo;\u00e9mission<br \/>\nC \u00e0 vous.<\/p>\n<p>Au fil des ann\u00e9es, Zaz a op\u00e9r\u00e9 un changement radical dans sa<br \/>\nvie. En effet, elle a arr\u00eat\u00e9 la cigarette, l\u2019alcool, la viande et<br \/>\nle caf\u00e9, s\u2019est mari\u00e9e et est devenue maman. Ce nouveau d\u00e9part lui a<br \/>\npermis de <strong>se recentrer sur l\u2019essentiel<\/strong> et de<br \/>\npoursuivre sa carri\u00e8re avec s\u00e9r\u00e9nit\u00e9.<\/p>\n<p>L&rsquo;artiste r\u00e9pond \u00e0 ses d\u00e9tracteurs en musique<\/p>\n<p>\u00c0 travers le titre Je pardonne, elle r\u00e9pond d&rsquo;ailleurs<br \/>\n\u00e0 ceux qui ne l&rsquo;ont pas \u00e9pargn\u00e9 ces derni\u00e8res ann\u00e9es : \u00ab\u00a0C&rsquo;est<br \/>\n<strong>un chemin, le pardon<\/strong>, hein ! Cela n&rsquo;enl\u00e8ve rien \u00e0<br \/>\nce qui a \u00e9t\u00e9 v\u00e9cu. Tu d\u00e9cides de pardonner pour te lib\u00e9rer aussi,<br \/>\ntoi, de ton histoire. Parce qu&rsquo;\u00e0 un moment, se r\u00e9p\u00e9ter son<br \/>\nhistoire, se la r\u00e9p\u00e9ter, en vouloir \u00e0 l&rsquo;autre\u2026\u00a0\u00bb, a-t-elle<br \/>\npoursuivi.<\/p>\n<p>Mais avant <a href=\"https:\/\/www.melty.fr\/people\/je-buvais-pas-mal-de-vin-zaz-se-confie-sur-ses-addictions-1110365.html\" target=\"_blank\" rel=\"noopener\"><br \/>\nde changer de vie<\/a>, Zaz a connu des p\u00e9riodes difficile et s&rsquo;est<br \/>\nm\u00eame retrouv\u00e9 \u00e0 <strong>\u00ab\u00a0sans thune et \u00e0 la rue\u00a0\u00bb.<\/strong> Elle a<br \/>\nracont\u00e9 que chanter dans la rue n\u2019\u00e9tait pas un simple caprice<br \/>\nartistique, mais une n\u00e9cessit\u00e9 impos\u00e9e par les circonstances :<br \/>\n\u00ab\u00a0\u00c0 un moment donn\u00e9, la rue s\u2019est impos\u00e9e parce que je n\u2019avais<br \/>\nplus de thunes\u00a0\u00bb, a-t-elle confi\u00e9 dans l&rsquo;\u00e9mission C \u00e0<br \/>\nvous.<\/p>\n<p>Zaz : \u00ab\u00a0\u00catre dans la rue, \u00e7a a \u00e9t\u00e9 un<br \/>\nchoix\u00a0\u00bb<\/p>\n<p>Un reportage de 2010, diffus\u00e9 lors de l\u2019\u00e9mission, montrait la<br \/>\njeune chanteuse interpr\u00e9tant ses chansons sur un trottoir,<br \/>\naccompagn\u00e9e de deux musiciens. Cette p\u00e9riode, loin d\u2019\u00eatre oubli\u00e9e,<br \/>\nreste grav\u00e9e dans sa m\u00e9moire comme un moment cl\u00e9 de son parcours.<br \/>\nToutefois, <a href=\"https:\/\/www.melty.fr\/tele\/zaz-nouvelle-coach-dans-the-voice-guillaume-genton-ny-va-pas-de-main-morte-dans-tpmp-elle-fait-2179058.html\" target=\"_blank\" rel=\"noopener\"><br \/>\ncelle qui a offici\u00e9 dans The Voice<\/a> a nuanc\u00e9 :<br \/>\n\u00ab\u00a0\u00catre dans la rue, <strong>\u00e7a a \u00e9t\u00e9 un choix.<\/strong> Mais<br \/>\navant, j\u2019ai \u00e9t\u00e9 intermittente, j\u2019ai fait du bal, j\u2019\u00e9tais dans des<br \/>\norchestres, j\u2019ai travaill\u00e9 un peu partout\u00a0\u00bb.<\/p>\n<p>La rue a finalement \u00e9t\u00e9 son refuge, l\u00e0 o\u00f9 elle pouvait enfin<br \/>\ns\u2019exprimer librement quand elle ne trouvait plus d\u2019endroit pour<br \/>\nchanter. Cette exp\u00e9rience a \u00e9t\u00e9 pour elle <strong>une \u00e9cole de la<br \/>\nvie<\/strong> et de la musique, o\u00f9 elle a appris \u00e0 capter<br \/>\nl\u2019attention sans artifices. La musique, plus qu\u2019une passion, est<br \/>\nalors devenue un v\u00e9ritable moyen de survie et de r\u00e9silience.<\/p>\n","protected":false},"excerpt":{"rendered":"Zaz, de son vrai nom Isabelle Geffroy, est une artiste embl\u00e9matique de la sc\u00e8ne musicale fran\u00e7aise. Reconnue pour&hellip;\n","protected":false},"author":2,"featured_media":170457,"comment_status":"","ping_status":"","sticky":false,"template":"","format":"standard","meta":{"footnotes":""},"categories":[1359],"tags":[905,58,59,1011,27,973,6706],"class_list":{"0":"post-170456","1":"post","2":"type-post","3":"status-publish","4":"format-standard","5":"has-post-thumbnail","7":"category-people","8":"tag-a-la-une-melty","9":"tag-divertissement","10":"tag-entertainment","11":"tag-fr","12":"tag-france","13":"tag-people","14":"tag-zaz"},"share_on_mastodon":{"url":"https:\/\/pubeurope.com\/@fr\/114669701485751725","error":""},"_links":{"self":[{"href":"https:\/\/www.europesays.com\/fr\/wp-json\/wp\/v2\/posts\/170456","targetHints":{"allow":["GET"]}}],"collection":[{"href":"https:\/\/www.europesays.com\/fr\/wp-json\/wp\/v2\/posts"}],"about":[{"href":"https:\/\/www.europesays.com\/fr\/wp-json\/wp\/v2\/types\/post"}],"author":[{"embeddable":true,"href":"https:\/\/www.europesays.com\/fr\/wp-json\/wp\/v2\/users\/2"}],"replies":[{"embeddable":true,"href":"https:\/\/www.europesays.com\/fr\/wp-json\/wp\/v2\/comments?post=170456"}],"version-history":[{"count":0,"href":"https:\/\/www.europesays.com\/fr\/wp-json\/wp\/v2\/posts\/170456\/revisions"}],"wp:featuredmedia":[{"embeddable":true,"href":"https:\/\/www.europesays.com\/fr\/wp-json\/wp\/v2\/media\/170457"}],"wp:attachment":[{"href":"https:\/\/www.europesays.com\/fr\/wp-json\/wp\/v2\/media?parent=170456"}],"wp:term":[{"taxonomy":"category","embeddable":true,"href":"https:\/\/www.europesays.com\/fr\/wp-json\/wp\/v2\/categories?post=170456"},{"taxonomy":"post_tag","embeddable":true,"href":"https:\/\/www.europesays.com\/fr\/wp-json\/wp\/v2\/tags?post=170456"}],"curies":[{"name":"wp","href":"https:\/\/api.w.org\/{rel}","templated":true}]}}