{"id":170460,"date":"2025-06-12T09:33:09","date_gmt":"2025-06-12T09:33:09","guid":{"rendered":"https:\/\/www.europesays.com\/fr\/170460\/"},"modified":"2025-06-12T09:33:09","modified_gmt":"2025-06-12T09:33:09","slug":"charles-fuster-presente-son-nouveau-livre-ce-samedi-14-juin-a-la-librairie-auchan","status":"publish","type":"post","link":"https:\/\/www.europesays.com\/fr\/170460\/","title":{"rendered":"Charles Fuster pr\u00e9sente son nouveau livre ce samedi 14\u00a0juin \u00e0 la librairie Auchan"},"content":{"rendered":"<p>Grand voyageur avant de jeter l\u2019ancre sur le Bassin en 1962, adjoint municipal de nombreuses ann\u00e9es et ardent d\u00e9fenseur du patrimoine local, Charles Fuster a su \u00e9couter. Cet homme d\u2019exp\u00e9rience aux nombreuses anecdotes savoureuses s\u2019est \u00e9galement lanc\u00e9 dans l\u2019\u00e9criture. Il pr\u00e9sentera d\u2019ailleurs son nouveau livre baptis\u00e9 \u00ab\u00a0Arcachon, l\u2019appel du large\u00a0\u00bb (\u00c9ditions Terre de l\u2019ouest, 14\u00a0euros) \u00e0 la librairie Auchan de Biganos, ce samedi 14\u00a0juin de 10 \u00e0 17 heures.<\/p>\n<p>Invit\u00e9 les 3 et 4\u00a0mai \u00e0 l\u2019\u00e9dition 2025 de La Plage aux \u00e9crivains \u00e0 Arcachon et, par ailleurs, seul repr\u00e9sentant de la r\u00e9gion parmi les 30\u00a0auteurs convi\u00e9s, Charles Fuster a remport\u00e9 un franc succ\u00e8s. Le bel accueil du public pour \u00ab\u00a0Arcachon nid d\u2019espions\u00a0\u00bb et \u00ab\u00a0Arcachon, l\u2019appel du large\u00a0\u00bb confirme la magie d\u2019un auteur qui, en deux livres \u00e0 l\u2019univers bien distinct \u2013 un thriller de plage d\u2019un c\u00f4t\u00e9, une \u00ab\u00a0New Romance\u00a0\u00bb de l\u2019autre \u2013 cultive une d\u00e9licieuse ambigu\u00eft\u00e9 entre illusion et r\u00e9alit\u00e9, avec la volont\u00e9 de \u00ab\u00a0faire passer quelque chose\u00a0\u00bb aux lecteurs.<\/p>\n<p>\u00ab\u00a0Arcachon, l\u2019appel du large\u00a0\u00bb, conte les aventures de Line et Louis qui, apr\u00e8s s\u2019\u00eatre connus au lyc\u00e9e Grand-Air d\u2019Arcachon, se retrouvent dix ans plus tard. Ensemble ils veulent d\u00e9couvrir le monde. Restant bas\u00e9s \u00e0 Arcachon, ils sillonnent d\u00e8s lors la Terre. Les lecteurs vont ainsi les suivre au Niger, Cameroun, en Mongolie, lors de leur travers\u00e9e de l\u2019Atlantique, aux Cara\u00efbes, au cap Horn ou encore aux \u00eeles Marquises.<\/p>\n","protected":false},"excerpt":{"rendered":"Grand voyageur avant de jeter l\u2019ancre sur le Bassin en 1962, adjoint municipal de nombreuses ann\u00e9es et ardent&hellip;\n","protected":false},"author":2,"featured_media":170461,"comment_status":"","ping_status":"","sticky":false,"template":"","format":"standard","meta":{"footnotes":""},"categories":[1357],"tags":[1379,58,59,1011,27,1380],"class_list":{"0":"post-170460","1":"post","2":"type-post","3":"status-publish","4":"format-standard","5":"has-post-thumbnail","7":"category-livres","8":"tag-books","9":"tag-divertissement","10":"tag-entertainment","11":"tag-fr","12":"tag-france","13":"tag-livres"},"share_on_mastodon":{"url":"https:\/\/pubeurope.com\/@fr\/114669709218748108","error":""},"_links":{"self":[{"href":"https:\/\/www.europesays.com\/fr\/wp-json\/wp\/v2\/posts\/170460","targetHints":{"allow":["GET"]}}],"collection":[{"href":"https:\/\/www.europesays.com\/fr\/wp-json\/wp\/v2\/posts"}],"about":[{"href":"https:\/\/www.europesays.com\/fr\/wp-json\/wp\/v2\/types\/post"}],"author":[{"embeddable":true,"href":"https:\/\/www.europesays.com\/fr\/wp-json\/wp\/v2\/users\/2"}],"replies":[{"embeddable":true,"href":"https:\/\/www.europesays.com\/fr\/wp-json\/wp\/v2\/comments?post=170460"}],"version-history":[{"count":0,"href":"https:\/\/www.europesays.com\/fr\/wp-json\/wp\/v2\/posts\/170460\/revisions"}],"wp:featuredmedia":[{"embeddable":true,"href":"https:\/\/www.europesays.com\/fr\/wp-json\/wp\/v2\/media\/170461"}],"wp:attachment":[{"href":"https:\/\/www.europesays.com\/fr\/wp-json\/wp\/v2\/media?parent=170460"}],"wp:term":[{"taxonomy":"category","embeddable":true,"href":"https:\/\/www.europesays.com\/fr\/wp-json\/wp\/v2\/categories?post=170460"},{"taxonomy":"post_tag","embeddable":true,"href":"https:\/\/www.europesays.com\/fr\/wp-json\/wp\/v2\/tags?post=170460"}],"curies":[{"name":"wp","href":"https:\/\/api.w.org\/{rel}","templated":true}]}}