{"id":170464,"date":"2025-06-12T09:35:11","date_gmt":"2025-06-12T09:35:11","guid":{"rendered":"https:\/\/www.europesays.com\/fr\/170464\/"},"modified":"2025-06-12T09:35:11","modified_gmt":"2025-06-12T09:35:11","slug":"rhone-les-poids-lourds-du-rap-francais-pour-la-premiere-du-festival-hypnotize-au-grand-parc-de-miribel-jonage","status":"publish","type":"post","link":"https:\/\/www.europesays.com\/fr\/170464\/","title":{"rendered":"Rh\u00f4ne. Les poids lourds du rap fran\u00e7ais pour la premi\u00e8re du festival Hypnotize au grand parc de Miribel-Jonage"},"content":{"rendered":"<p>Nouveau venu dans le paysage des festivals de la r\u00e9gion, Hypnotize frappe fort d\u2019entr\u00e9e avec une programmation centr\u00e9e sur les musiques urbaines bien garnie en t\u00eates d\u2019affiche d\u2019envergure.<\/p>\n<p>La premi\u00e8re \u00e9dition, vendredi et samedi au grand parc de Miribel-Jonage, invite ainsi les rappeurs Booba, Dadju, Vald, Kalash, Leto ou Jok\u2019Air. Des battles de breakdance et de rap seront aussi organis\u00e9es pendant les deux jours.<\/p>\n<p class=\"note\">Le 13\u00a0juin (17\u00a0h \u00e0 minuit) et le 14\u00a0juin (15\u00a0h \u00e0 minuit) au grand parc de Miribel-Jonage. Entr\u00e9e 59,90\u00a0euros le pass 1 jour, 84,90\u00a0euros le pass 2 jours. <a href=\"https:\/\/hypnotizefestival.com\/lyon\/\" target=\"_blank\" rel=\"noopener\">https:\/\/hypnotizefestival.com\/lyon\/<\/a><\/p>\n","protected":false},"excerpt":{"rendered":"Nouveau venu dans le paysage des festivals de la r\u00e9gion, Hypnotize frappe fort d\u2019entr\u00e9e avec une programmation centr\u00e9e&hellip;\n","protected":false},"author":2,"featured_media":170465,"comment_status":"","ping_status":"","sticky":false,"template":"","format":"standard","meta":{"footnotes":""},"categories":[1355],"tags":[1687,58,3152,59,107,1011,27,30498,1361,873,2429,5070],"class_list":{"0":"post-170464","1":"post","2":"type-post","3":"status-publish","4":"format-standard","5":"has-post-thumbnail","7":"category-musique","8":"tag-culture-loisirs","9":"tag-divertissement","10":"tag-edition-est-lyonnais","11":"tag-entertainment","12":"tag-fil-info","13":"tag-fr","14":"tag-france","15":"tag-jonage","16":"tag-music","17":"tag-musique","18":"tag-rhone","19":"tag-vaulx-en-velin"},"share_on_mastodon":{"url":"https:\/\/pubeurope.com\/@fr\/114669716924376087","error":""},"_links":{"self":[{"href":"https:\/\/www.europesays.com\/fr\/wp-json\/wp\/v2\/posts\/170464","targetHints":{"allow":["GET"]}}],"collection":[{"href":"https:\/\/www.europesays.com\/fr\/wp-json\/wp\/v2\/posts"}],"about":[{"href":"https:\/\/www.europesays.com\/fr\/wp-json\/wp\/v2\/types\/post"}],"author":[{"embeddable":true,"href":"https:\/\/www.europesays.com\/fr\/wp-json\/wp\/v2\/users\/2"}],"replies":[{"embeddable":true,"href":"https:\/\/www.europesays.com\/fr\/wp-json\/wp\/v2\/comments?post=170464"}],"version-history":[{"count":0,"href":"https:\/\/www.europesays.com\/fr\/wp-json\/wp\/v2\/posts\/170464\/revisions"}],"wp:featuredmedia":[{"embeddable":true,"href":"https:\/\/www.europesays.com\/fr\/wp-json\/wp\/v2\/media\/170465"}],"wp:attachment":[{"href":"https:\/\/www.europesays.com\/fr\/wp-json\/wp\/v2\/media?parent=170464"}],"wp:term":[{"taxonomy":"category","embeddable":true,"href":"https:\/\/www.europesays.com\/fr\/wp-json\/wp\/v2\/categories?post=170464"},{"taxonomy":"post_tag","embeddable":true,"href":"https:\/\/www.europesays.com\/fr\/wp-json\/wp\/v2\/tags?post=170464"}],"curies":[{"name":"wp","href":"https:\/\/api.w.org\/{rel}","templated":true}]}}